{"id":28126,"date":"2020-10-07T20:07:54","date_gmt":"2020-10-07T18:07:54","guid":{"rendered":"https:\/\/ofmconv.net\/roma-celebrazione-della-solennita-di-san-francesco-ai-santi-xii-apostoli\/"},"modified":"2020-10-07T20:17:03","modified_gmt":"2020-10-07T18:17:03","slug":"roma-celebrazione-della-solennita-di-san-francesco-ai-santi-xii-apostoli","status":"publish","type":"post","link":"https:\/\/www.ofmconv.net\/es\/roma-celebrazione-della-solennita-di-san-francesco-ai-santi-xii-apostoli\/","title":{"rendered":"Roma: Celebraci\u00f3n de la Solemnidad de San Francisco en los Santos XII Ap\u00f3stoles"},"content":{"rendered":"<p><strong>El 4 de octubre de 2020, el Secretario de Estado, Card. Pietro PAROLIN, junto con Mons. Gianfranco GIROTTI OFMConv y el Ministro general Fray Carlos Alberto TROVARELLI, ha presidido la solemne celebraci\u00f3n en honor de San Francisco de As\u00eds en la Bas\u00edlica de los Santos XII Ap\u00f3stoles de Roma, en presencia de los Guardianes de las Casas generalicias de la capital y de muchos hermanos de las mismas.<\/strong><\/p>\n<p>Los hermanos han recibido la invitaci\u00f3n por parte del p\u00e1rroco Fray Agnello STOIA, con ocasi\u00f3n de la solemnidad del Ser\u00e1fico padre, tambi\u00e9n para conferir el sacramento de la Confirmaci\u00f3n a muchachos, j\u00f3venes y algunos adultos. Trece muchachos, con sus familias, frecuentan de varios a\u00f1os atr\u00e1s nuestra Parroquia y han sido guiados por Fray Simone SCHIAVONE como catequista; a partir del mes de Noviembre iniciaran el camino post-confirmaci\u00f3n, colaborando en las principales realidades caritativas de la ciudad de Roma, comenzando por el \u201cCentro de escucha\u201d parroquial de los Santos XII Ap\u00f3stoles. Once confirmandos m\u00e1s, tanto j\u00f3venes como adultos, fueron presentados por algunos hermanos presb\u00edteros de las Rector\u00edas presentes en el territorio parroquial, por los padres Jesuitas de la Pontificia Universidad Gregoriana y tambi\u00e9n por Fray V\u00edctor MORA MES\u00c9N de nuestra comunidad conventual.<br \/>\nDurante el saludo inicial del P\u00e1rroco al Cardenal PAROLIN, adem\u00e1s de presentar a los candidatos al sacramento de la Confirmaci\u00f3n, ha expresado en nombre de todos los presentes su cercan\u00eda al Santo Padre en la jornada pro-ep\u00edscopo de la Di\u00f3cesis de Roma, asegur\u00e1ndole su oraci\u00f3n a Su Eminencia, quien se encuentra entre los primeros colaboradores del Papa Francisco, encomend\u00e1ndolo a la intercesi\u00f3n de Felipe y Santiago y de todos los Ap\u00f3stoles. El mismo Fray Agnello ha explicado a los presentes el sentido de los dones ofrecidos por los confirmandos sobre la confessio de los Ap\u00f3stoles: una flor, signo de la juventud donada con entusiasmo, como el Ap\u00f3stol Felipe que fue el primero junto con Andr\u00e9s que sigui\u00f3 al Se\u00f1or; un canasto con productos alimenticios, como signo de cercan\u00eda a los pobres, para que nunca falte en la Eucarist\u00eda la atenci\u00f3n y el cuidado concreto de los pobres, como ense\u00f1a Santiago Ap\u00f3stol en su Carta.<\/p>\n<p style=\"text-align: right;\">Fray Maurizio DI PAOLO<\/p>\nngg_shortcode_0_placeholder\n","protected":false},"excerpt":{"rendered":"<p>El 4 de octubre de 2020, el Secretario de Estado, Card. Pietro PAROLIN, junto con Mons. Gianfranco GIROTTI OFMConv y el Ministro general Fray Carlos Alberto TROVARELLI, ha presidido la solemne celebraci\u00f3n en honor de San Francisco de As\u00eds en la Bas\u00edlica de los Santos XII Ap\u00f3stoles de Roma, en presencia de los Guardianes de [&hellip;]<\/p>\n","protected":false},"author":1,"featured_media":28122,"comment_status":"closed","ping_status":"open","sticky":false,"template":"","format":"standard","meta":{"ngg_post_thumbnail":0,"footnotes":""},"categories":[133,116,150,146],"tags":[339,876,941],"class_list":["post-28126","post","type-post","status-publish","format-standard","has-post-thumbnail","category-federaciones","category-fimp-es","category-noticias","category-ufficio-comunicazioni-es","tag-casas-generalicias","tag-case-generalizie-es","tag-roma-es"],"_links":{"self":[{"href":"https:\/\/www.ofmconv.net\/es\/wp-json\/wp\/v2\/posts\/28126","targetHints":{"allow":["GET"]}}],"collection":[{"href":"https:\/\/www.ofmconv.net\/es\/wp-json\/wp\/v2\/posts"}],"about":[{"href":"https:\/\/www.ofmconv.net\/es\/wp-json\/wp\/v2\/types\/post"}],"author":[{"embeddable":true,"href":"https:\/\/www.ofmconv.net\/es\/wp-json\/wp\/v2\/users\/1"}],"replies":[{"embeddable":true,"href":"https:\/\/www.ofmconv.net\/es\/wp-json\/wp\/v2\/comments?post=28126"}],"version-history":[{"count":0,"href":"https:\/\/www.ofmconv.net\/es\/wp-json\/wp\/v2\/posts\/28126\/revisions"}],"wp:featuredmedia":[{"embeddable":true,"href":"https:\/\/www.ofmconv.net\/es\/wp-json\/wp\/v2\/media\/28122"}],"wp:attachment":[{"href":"https:\/\/www.ofmconv.net\/es\/wp-json\/wp\/v2\/media?parent=28126"}],"wp:term":[{"taxonomy":"category","embeddable":true,"href":"https:\/\/www.ofmconv.net\/es\/wp-json\/wp\/v2\/categories?post=28126"},{"taxonomy":"post_tag","embeddable":true,"href":"https:\/\/www.ofmconv.net\/es\/wp-json\/wp\/v2\/tags?post=28126"}],"curies":[{"name":"wp","href":"https:\/\/api.w.org\/{rel}","templated":true}]}}