{"id":28418,"date":"2020-10-13T19:24:26","date_gmt":"2020-10-13T17:24:26","guid":{"rendered":"https:\/\/ofmconv.net\/roma-seraphicum-convegno-sulla-grafologia-di-fra-girolamo-moretti-ofmconv\/"},"modified":"2020-10-13T19:30:56","modified_gmt":"2020-10-13T17:30:56","slug":"roma-seraphicum-convegno-sulla-grafologia-di-fra-girolamo-moretti-ofmconv","status":"publish","type":"post","link":"https:\/\/www.ofmconv.net\/es\/roma-seraphicum-convegno-sulla-grafologia-di-fra-girolamo-moretti-ofmconv\/","title":{"rendered":"Roma-Seraphicum: conferencia sobre la grafolog\u00eda de Fray Girolamo MORETTI OFMConv"},"content":{"rendered":"<p><strong>Una <em>\u201cgrafolog\u00eda para\u2026\u201d, <\/em>es decir, al servicio del pr\u00f3jimo, es el mensaje que emerge de la conferencia nacional de estudio <em>\u201cHumanidad y escritura \u2013 La grafolog\u00eda de Girolamo Moretti<\/em>\u201d promovida por la Escuela de Grafolog\u00eda Seraphicum, en colaboraci\u00f3n con la Pontificia Facultad Teol\u00f3gica San Buenaventura, la onlus Familia y Menores y el CIgME (Centro Internacional de Grafolog\u00eda M\u00e9dica), realizada el s\u00e1bado 10 de octubre 2020 en el Auditorio Seraphicum de Roma con directa streaming.<\/strong><\/p>\n<p>El evento ha sido puesto en marcha en comuni\u00f3n con el Instituto Grafol\u00f3gico Internacional \u201cGirolamo Moretti\u201d de Urbino, presidido por Fray Fermino GIACOMETTI OFMConv, como primer paso de un camino com\u00fan hacia el descubrimiento y valorizaci\u00f3n de los aspectos antropol\u00f3gicos de la grafolog\u00eda.<br \/>\nHa sido un encuentro para favorecer el conocimiento de la figura de Fray Girolamo MORETTI, Fraile Menor Conventual y padre de la grafolog\u00eda italiana, as\u00ed como las peculiaridades de esta disciplina y la antropolog\u00eda subyacente, a trav\u00e9s de la participaci\u00f3n de expertos cualificados como Matilde AZZACCONI, Chiara MISTRORIGO, Loredana MORETTI, Nadia BUONANNO, Alessandra MILLEVOLTE, Don Carlo CACCIARI, Vincenzo TARANTINO y el mismo Fray Raffaele DI MURO OFMConv, responsable de la Escuela y apasionado estudioso.<br \/>\nEl horizonte de la grafolog\u00eda que la Escuela del Seraphicum busca profundizar a trav\u00e9s de sus cursos (presenciales y on-line) y de eventos colaterales (que podr\u00e1n ofrecer v\u00e1lidos aportes a los cultivadores y estudiosos de esta disciplina) es muy amplio; esta disciplina encuentra aplicaci\u00f3n en numerosos \u00e1mbitos, tales como: an\u00e1lisis grafol\u00f3gico de la personalidad, recursos humanos, sistema judicial, criminol\u00f3gico y m\u00e9dico, sector de la edad evolutiva, y tambi\u00e9n en el \u00e1mbito pastoral y vocacional.<br \/>\nEste primer encuentro ha producido resultados muy alentadores tanto por el inter\u00e9s demostrado por parte de los participantes, como por los numerosos \u00e1mbitos de profundizaci\u00f3n que inaugura y que estar\u00e1n al centro de las pr\u00f3ximas iniciativas.<br \/>\nConocer la figura de Fray Girolamo MORETTI y su trabajo de medio siglo, dedicado a la investigaci\u00f3n, estudio y ense\u00f1anza, es sin lugar a dudas el punto de partida de este camino hacia el descubrimiento de una disciplina con enorme potencialidad.<br \/>\n\u201cGirolamo MORETTI es un hombre en constante b\u00fasqueda \u2013ha dicho Fray Raffaele DI MURO- y es esta la raz\u00f3n de su positiva inquietud de fondo. Su ser de fraile y sacerdote domina todo el enfoque de su existencia y caracteriza su modo de estudiar y profundizar el dato grafol\u00f3gico. Es un aut\u00e9ntico buscador de la verdad, aquellas verdades que deben estar al servicio del hombre. No es un hombre celoso de sus <em>secretos<\/em>, sino que publica, revela, dona. Comprende que, en favor del verdadero bien de la grafolog\u00eda, es fundamental que transmita todo su saber a sus disc\u00edpulos; ense\u00f1a un estilo altamente \u00e9tico, que contribuye a su consideraci\u00f3n de <em>genio y padre<\/em> de la grafolog\u00eda italiana. Para ello&nbsp; se deja iluminar por su experiencia de fraile y sacerdote: experimenta fuertemente en s\u00ed el deseo de ayudar al pr\u00f3jimo mediante la grafolog\u00eda. De hecho, su grafolog\u00eda es una <em>grafolog\u00eda para\u2026<\/em>, al servicio del pr\u00f3jimo, al cual quiere ofrecer la posibilidad de crecimiento y conocimiento de los propios dones y potencialidades. Como amaba decir su disc\u00edpulo P. Lamberto TORBIDONI OFMConv, detenerse y quedarse en MORETTI ser\u00eda un error. Es necesario, pues, profundizar los datos que \u00e9l nos ofrece y hacerlos siempre m\u00e1s cient\u00edficos y rigurosos por el bien de la grafolog\u00eda, de quien la practica y de quien se sirve de sus frutos. El desaf\u00edo es: trabajar como MORETTI e ir m\u00e1s all\u00e1 de MORETTI, buscando comprender el mundo interior que se esconde detr\u00e1s de los signos y trazos gr\u00e1ficos\u201d.<br \/>\nEl video de la conferencia se encuentra disponible en la p\u00e1gina Facebook de la Escuela de Grafolog\u00eda Seraphicum (@ScuolaGrafologiaSeraphicum), mientras que las actas de la conferencia ser\u00e1n publicadas pr\u00f3ximamente en la p\u00e1gina de la Escuela: <a href=\"http:\/\/www.scuoladigrafologiaseraphicum.it\">www.scuoladigrafologiaseraphicum.it<\/a>.<\/p>\n<p style=\"text-align: right;\">Elisabetta LO IACONO, Oficina de prensa Seraphicum.<\/p>\nngg_shortcode_0_placeholder\n","protected":false},"excerpt":{"rendered":"<p>Una \u201cgrafolog\u00eda para\u2026\u201d, es decir, al servicio del pr\u00f3jimo, es el mensaje que emerge de la conferencia nacional de estudio \u201cHumanidad y escritura \u2013 La grafolog\u00eda de Girolamo Moretti\u201d promovida por la Escuela de Grafolog\u00eda Seraphicum, en colaboraci\u00f3n con la Pontificia Facultad Teol\u00f3gica San Buenaventura, la onlus Familia y Menores y el CIgME (Centro Internacional [&hellip;]<\/p>\n","protected":false},"author":1,"featured_media":28414,"comment_status":"closed","ping_status":"open","sticky":false,"template":"","format":"standard","meta":{"ngg_post_thumbnail":0,"footnotes":""},"categories":[150,146],"tags":[2163,2147,941,1725,338],"class_list":["post-28418","post","type-post","status-publish","format-standard","has-post-thumbnail","category-noticias","category-ufficio-comunicazioni-es","tag-conferencia","tag-grafologia-es","tag-roma-es","tag-seraphicum-2-es","tag-seraphicum-es"],"_links":{"self":[{"href":"https:\/\/www.ofmconv.net\/es\/wp-json\/wp\/v2\/posts\/28418","targetHints":{"allow":["GET"]}}],"collection":[{"href":"https:\/\/www.ofmconv.net\/es\/wp-json\/wp\/v2\/posts"}],"about":[{"href":"https:\/\/www.ofmconv.net\/es\/wp-json\/wp\/v2\/types\/post"}],"author":[{"embeddable":true,"href":"https:\/\/www.ofmconv.net\/es\/wp-json\/wp\/v2\/users\/1"}],"replies":[{"embeddable":true,"href":"https:\/\/www.ofmconv.net\/es\/wp-json\/wp\/v2\/comments?post=28418"}],"version-history":[{"count":0,"href":"https:\/\/www.ofmconv.net\/es\/wp-json\/wp\/v2\/posts\/28418\/revisions"}],"wp:featuredmedia":[{"embeddable":true,"href":"https:\/\/www.ofmconv.net\/es\/wp-json\/wp\/v2\/media\/28414"}],"wp:attachment":[{"href":"https:\/\/www.ofmconv.net\/es\/wp-json\/wp\/v2\/media?parent=28418"}],"wp:term":[{"taxonomy":"category","embeddable":true,"href":"https:\/\/www.ofmconv.net\/es\/wp-json\/wp\/v2\/categories?post=28418"},{"taxonomy":"post_tag","embeddable":true,"href":"https:\/\/www.ofmconv.net\/es\/wp-json\/wp\/v2\/tags?post=28418"}],"curies":[{"name":"wp","href":"https:\/\/api.w.org\/{rel}","templated":true}]}}