{"id":28574,"date":"2020-10-20T17:48:38","date_gmt":"2020-10-20T15:48:38","guid":{"rendered":"https:\/\/ofmconv.net\/roma-celebrazione-della-fondazione-della-mi\/"},"modified":"2020-10-20T17:55:10","modified_gmt":"2020-10-20T15:55:10","slug":"roma-celebrazione-della-fondazione-della-mi","status":"publish","type":"post","link":"https:\/\/www.ofmconv.net\/es\/roma-celebrazione-della-fondazione-della-mi\/","title":{"rendered":"Roma: celebraci\u00f3n de la fundaci\u00f3n de la M.I."},"content":{"rendered":"<p><strong>El 17 de octubre de 2020, el Convento de San Maximiliano M. Kolbe en Roma se ha vestido de fiesta. En efecto, el 16 de octubre de 103 a\u00f1os atr\u00e1s, en este Convento -casa de formaci\u00f3n en aquel tiempo-, San Maximiliano junto con sus compa\u00f1eros de seminario fundaba la Milicia de la Inmaculada, con el objetivo esencial de salvar las almas a trav\u00e9s de la consagraci\u00f3n total a la Inmaculada.<\/strong><\/p>\n<p>Este proyecto suyo, aprobado por los superiores y compartido por muchos hermanos y laicos, cuenta hoy con miles de seguidores e inscritos en el mundo. Desgraciadamente, a causa de la pandemia y siguiendo las directrices en curso del gobierno italiano, no ha sido posible invitar a m\u00e1s personas, para evitar aglomeraciones. La jornada ha sido vivida en intimidad fraterna y recogimiento. Aun as\u00ed, los hermanos han vivido unos momentos de convivencia y de serena alegr\u00eda.<br \/>\nA las 5 de la tarde, el Delegado del Ministro general para la M.I. Fray Raffaele DI MURO, ha presidido la Santa Misa para recordar el evento de la fundaci\u00f3n de la Milicia. En su homil\u00eda, nuestro hermano ha recordado a los presentes c\u00f3mo tan s\u00f3lo pocos meses despu\u00e9s de la fundaci\u00f3n, dos de los co-fundadores murieron a causa de la tristemente famosa \u201cgripe espa\u00f1ola\u201d. Pareciera casi una cr\u00f3nica actual.<br \/>\nLa consagraci\u00f3n a la Inmaculada, total, incondicionada, entusiasta y alegre, debe seguir siendo un fuerte impulso que nos mueva a salir de nosotros mismos y a reconocer a nuestros hermanos. En el mundo de hoy, tan probado por la carencia de vocaciones sacerdotales y religiosas, San Maximiliano nos ayude a vivir una vida de fraternidad y minoridad as\u00ed como \u00e9l lo hizo, en un modo profundo e incisivo.<\/p>\n<p style=\"text-align: right;\">Fray Germano TOGNETTI, Guardi\u00e1n del Convento \u201cSan Maximiliano Kolbe\u201d.<\/p>\nngg_shortcode_0_placeholder\n","protected":false},"excerpt":{"rendered":"<p>El 17 de octubre de 2020, el Convento de San Maximiliano M. Kolbe en Roma se ha vestido de fiesta. En efecto, el 16 de octubre de 103 a\u00f1os atr\u00e1s, en este Convento -casa de formaci\u00f3n en aquel tiempo-, San Maximiliano junto con sus compa\u00f1eros de seminario fundaba la Milicia de la Inmaculada, con el [&hellip;]<\/p>\n","protected":false},"author":1,"featured_media":28570,"comment_status":"closed","ping_status":"open","sticky":false,"template":"","format":"standard","meta":{"ngg_post_thumbnail":0,"footnotes":""},"categories":[124,150,136],"tags":[2167,339,876],"class_list":["post-28574","post","type-post","status-publish","format-standard","has-post-thumbnail","category-mi-es","category-noticias","category-oficinas-generales","tag-casa-kolbe-es","tag-casas-generalicias","tag-case-generalizie-es"],"_links":{"self":[{"href":"https:\/\/www.ofmconv.net\/es\/wp-json\/wp\/v2\/posts\/28574","targetHints":{"allow":["GET"]}}],"collection":[{"href":"https:\/\/www.ofmconv.net\/es\/wp-json\/wp\/v2\/posts"}],"about":[{"href":"https:\/\/www.ofmconv.net\/es\/wp-json\/wp\/v2\/types\/post"}],"author":[{"embeddable":true,"href":"https:\/\/www.ofmconv.net\/es\/wp-json\/wp\/v2\/users\/1"}],"replies":[{"embeddable":true,"href":"https:\/\/www.ofmconv.net\/es\/wp-json\/wp\/v2\/comments?post=28574"}],"version-history":[{"count":0,"href":"https:\/\/www.ofmconv.net\/es\/wp-json\/wp\/v2\/posts\/28574\/revisions"}],"wp:featuredmedia":[{"embeddable":true,"href":"https:\/\/www.ofmconv.net\/es\/wp-json\/wp\/v2\/media\/28570"}],"wp:attachment":[{"href":"https:\/\/www.ofmconv.net\/es\/wp-json\/wp\/v2\/media?parent=28574"}],"wp:term":[{"taxonomy":"category","embeddable":true,"href":"https:\/\/www.ofmconv.net\/es\/wp-json\/wp\/v2\/categories?post=28574"},{"taxonomy":"post_tag","embeddable":true,"href":"https:\/\/www.ofmconv.net\/es\/wp-json\/wp\/v2\/tags?post=28574"}],"curies":[{"name":"wp","href":"https:\/\/api.w.org\/{rel}","templated":true}]}}