{"id":28749,"date":"2020-10-22T18:11:25","date_gmt":"2020-10-22T16:11:25","guid":{"rendered":"https:\/\/ofmconv.net\/osimo-ottobre-missionario-2020-nel-postulato\/"},"modified":"2020-10-22T18:17:49","modified_gmt":"2020-10-22T16:17:49","slug":"osimo-ottobre-missionario-2020-nel-postulato","status":"publish","type":"post","link":"https:\/\/www.ofmconv.net\/es\/osimo-ottobre-missionario-2020-nel-postulato\/","title":{"rendered":"Osimo: Octubre Misionero 2020 en el Postulantado"},"content":{"rendered":"<p><strong>En el \u00e1mbito del proyecto de animaci\u00f3n misionera al interno de las casas de formaci\u00f3n del \u00e1rea FIMP (Federazione Intermediterranea Ministri Provinciali), el Centro Misionero de Roma ha dado inicio a un camino de sensibilizaci\u00f3n misionera para dar a conocer las misiones y crear una conciencia misionera en nuestros j\u00f3venes en formaci\u00f3n. Por este motivo, los Postulantes de Osimo han concretado este llamado con una iniciativa de animaci\u00f3n <em>ad intra<\/em> e <em>ad extra<\/em>, para dar a conocer las misiones conventuales en el mundo.<\/strong><\/p>\n<p>Repletos de buena voluntad y guiados por el Rector Fray Lucio MASSACESI, los j\u00f3venes han organizado durante todo el \u201cOctubre Misionero 2020\u201d y con el tema \u201c\u00a1Env\u00edame a m\u00ed! (Is 6, 8)\u201d, una muestra con paneles, fotos y temas de reflexi\u00f3n misionera, expuestos en nuestra Bas\u00edlica de San Jos\u00e9 de Cupertino en Osimo.<br \/>\nHan pedido a sus respectivas Provincias y Custodias de proveniencia, el material expositivo relativo a sus misiones y se han comprometido en la sensibilizaci\u00f3n de los fieles y peregrinos, para dar a conocer algunas misiones de la Orden. Los j\u00f3venes han mostrado toda su creatividad y han creado un \u201cC\u00edrculo misionero\u201d al interno del Postulantado, con la finalidad de acrecentar la consciencia misionera seg\u00fan las ense\u00f1anzas del Papa Francisco, que desea una Iglesia misionera en sus estructuras y en sus organismos.<br \/>\nLos j\u00f3venes tambi\u00e9n han dado inicio al estudio de temas misioneros a trav\u00e9s de diversas lecturas y a la profundizaci\u00f3n de los contenidos de nuestra revista \u201cEl Misionero Franciscano\u201d.<br \/>\nEstamos seguros de que la iniciativa de Osimo servir\u00e1 de ejemplo para las dem\u00e1s Casas de formaci\u00f3n FIMP; as\u00ed, la misi\u00f3n se vuelve una oportunidad de crecimiento en el camino vocacional y en la formaci\u00f3n integral del joven en una perspectiva misionera.<br \/>\nCon esta iniciativa \u2013han compartido los postulantes al final de esta experiencia- no s\u00f3lo hemos contribuido a dar a conocer nuestras realidades misioneras, sino que tambi\u00e9n nosotros mismos hemos experimentado cu\u00e1nto sea importante la misi\u00f3n en nuestro camino formativo.<\/p>\n<p style=\"text-align: right;\">Fray Paolo FIASCONARO. Director del Centro Misionero.<\/p>\nngg_shortcode_0_placeholder\n","protected":false},"excerpt":{"rendered":"<p>En el \u00e1mbito del proyecto de animaci\u00f3n misionera al interno de las casas de formaci\u00f3n del \u00e1rea FIMP (Federazione Intermediterranea Ministri Provinciali), el Centro Misionero de Roma ha dado inicio a un camino de sensibilizaci\u00f3n misionera para dar a conocer las misiones y crear una conciencia misionera en nuestros j\u00f3venes en formaci\u00f3n. Por este motivo, [&hellip;]<\/p>\n","protected":false},"author":1,"featured_media":28745,"comment_status":"closed","ping_status":"open","sticky":false,"template":"","format":"standard","meta":{"ngg_post_thumbnail":0,"footnotes":""},"categories":[133,116,150],"tags":[817,1926,1542,1993,941],"class_list":["post-28749","post","type-post","status-publish","format-standard","has-post-thumbnail","category-federaciones","category-fimp-es","category-noticias","tag-centro-misionero","tag-centro-missionario-es","tag-postulantado","tag-postulanti-es","tag-roma-es"],"_links":{"self":[{"href":"https:\/\/www.ofmconv.net\/es\/wp-json\/wp\/v2\/posts\/28749","targetHints":{"allow":["GET"]}}],"collection":[{"href":"https:\/\/www.ofmconv.net\/es\/wp-json\/wp\/v2\/posts"}],"about":[{"href":"https:\/\/www.ofmconv.net\/es\/wp-json\/wp\/v2\/types\/post"}],"author":[{"embeddable":true,"href":"https:\/\/www.ofmconv.net\/es\/wp-json\/wp\/v2\/users\/1"}],"replies":[{"embeddable":true,"href":"https:\/\/www.ofmconv.net\/es\/wp-json\/wp\/v2\/comments?post=28749"}],"version-history":[{"count":0,"href":"https:\/\/www.ofmconv.net\/es\/wp-json\/wp\/v2\/posts\/28749\/revisions"}],"wp:featuredmedia":[{"embeddable":true,"href":"https:\/\/www.ofmconv.net\/es\/wp-json\/wp\/v2\/media\/28745"}],"wp:attachment":[{"href":"https:\/\/www.ofmconv.net\/es\/wp-json\/wp\/v2\/media?parent=28749"}],"wp:term":[{"taxonomy":"category","embeddable":true,"href":"https:\/\/www.ofmconv.net\/es\/wp-json\/wp\/v2\/categories?post=28749"},{"taxonomy":"post_tag","embeddable":true,"href":"https:\/\/www.ofmconv.net\/es\/wp-json\/wp\/v2\/tags?post=28749"}],"curies":[{"name":"wp","href":"https:\/\/api.w.org\/{rel}","templated":true}]}}