{"id":29017,"date":"2020-10-28T16:33:04","date_gmt":"2020-10-28T15:33:04","guid":{"rendered":"https:\/\/ofmconv.net\/lettera-del-vicario-provinciale-a-tutti-i-frati-della-provincia-italiana-di-s-antonio-di-padova-italia-nord\/"},"modified":"2020-10-28T16:39:19","modified_gmt":"2020-10-28T15:39:19","slug":"lettera-del-vicario-provinciale-a-tutti-i-frati-della-provincia-italiana-di-s-antonio-di-padova-italia-nord","status":"publish","type":"post","link":"https:\/\/www.ofmconv.net\/es\/lettera-del-vicario-provinciale-a-tutti-i-frati-della-provincia-italiana-di-s-antonio-di-padova-italia-nord\/","title":{"rendered":"Carta del Vicario provincial <br>a todos los hermanos de la Provincia Italiana de San Antonio de Padua (Italia-Norte)"},"content":{"rendered":"<p>26 de octubre de 2020.<\/p>\n<p><strong>Queridos hermanos,<\/strong><br \/>\n<strong>les escribo esta carta despu\u00e9s de pocos d\u00edas de mi regreso a Padua, despu\u00e9s de haber pasado un par de semanas visitando a nuestros hermanos de la Delegaci\u00f3n en Portugal. Lo hago para dar voz a la alegr\u00eda que, de manera inesperada, nos ha invadido ayer, domingo 25 de octubre de 2020, cuando el Papa, al final del Angelus, ha dado la noticia del nombramiento de 13 nuevos Cardenales. \u00a1Qu\u00e9 emoci\u00f3n escuchar el nombre de nuestro hermano Fray Mauro GAMBETTI entre los que el Pont\u00edfice ha indicado!<\/strong><\/p>\n<p>Una vez m\u00e1s nos hemos quedado sorprendidos. El nombramiento episcopal de Fray Mauro, muchos de nosotros lo cre\u00edamos posible, dadas sus capacidades y el \u00f3ptimo servicio realizado primero en la Provincia \u2013en aquel entonces Provincia Bolo\u00f1esa- y luego en As\u00eds, donde serv\u00eda como Custodio del Sacro Convento desde febrero del 2013. Pero no pens\u00e1bamos al nombramiento cardenalicio. Al menos no por ahora. Y en cambio aqu\u00ed estamos, en medio de esta alegre noticia que nos llena de j\u00fabilo y nos hace sentir orgullosos de nuestra familia de Hermanos Menores Conventuales, tan apreciada especialmente en este momento de la Iglesia universal. \u00a1Y qu\u00e9 gran honor para nuestra Provincia religiosa que, despu\u00e9s del sorprendente nombramiento episcopal de Fray Marco TASCA como Arzobispo de G\u00e9nova, ve otro miembro suyo elevado a tan alto cargo eclesi\u00e1stico!<\/p>\n<p>El efecto de este nombramiento es a\u00fan mayor si se piensa que ning\u00fan hermano menor conventual hab\u00eda sido elegido cardenal desde el consistorio del 27 de septiembre de 1861. En aquel entonces le toc\u00f3 a nuestro hermano siciliano Fray Antonio Maria PANEBIANCO (1808-1885), creado cardenal presb\u00edtero, primero como titular de San Jer\u00f3nimo de los Croatas, luego de los Santos XII Ap\u00f3stoles. Fue Prefecto de la Congregaci\u00f3n para las indulgencias, Penitenciario mayor de la Penitenciar\u00eda apost\u00f3lica, Secretario de la Congregaci\u00f3n de la Inquisici\u00f3n y Camarlengo del Colegio cardenalicio. Desde entonces han pasado 159 a\u00f1os, \u00a1la entera historia de Italia desde el a\u00f1o de su Unidad!<\/p>\n<p>Quisiera que el nombramiento de Fray Mauro como miembro del Colegio Cardenalicio fuese para todos nosotros motivo de agradecimiento al Se\u00f1or, que nos bendice con la riqueza de sus dones. Y deseo que tambi\u00e9n recordemos a Fray Mauro en nuestras oraciones para que Dios le conceda siempre servir a la Santa Madre Iglesia con amor y plena dedicaci\u00f3n.<\/p>\n<p>Entre nosotros tambi\u00e9n hay quien, ante estos nombramientos eclesi\u00e1sticos, piensa que perdamos hermanos preciosos para nuestra Orden. Si bien por un lado comprendo su modo de pensar, ya que estos hermanos dejan f\u00edsicamente nuestras fraternidades, por el otro lado estoy convencido de que de esta manera ellos se convierten en un precioso don para la Iglesia. Y, por ende, tambi\u00e9n para nosotros, que formamos parte de la Iglesia.<\/p>\n<p>Este evento nos sirva de impulso para renovar nuestro deseo de responder con fidelidad a nuestra vocaci\u00f3n.<\/p>\n<p>Fraternalmente.<\/p>\n<p style=\"text-align: right;\">Fray Roberto BRANDINELLI<br \/>\nVicario provincial de la Provincia Italiana de San Antonio de Padua.<\/p>\n","protected":false},"excerpt":{"rendered":"<p>26 de octubre de 2020. Queridos hermanos, les escribo esta carta despu\u00e9s de pocos d\u00edas de mi regreso a Padua, despu\u00e9s de haber pasado un par de semanas visitando a nuestros hermanos de la Delegaci\u00f3n en Portugal. Lo hago para dar voz a la alegr\u00eda que, de manera inesperada, nos ha invadido ayer, domingo 25 [&hellip;]<\/p>\n","protected":false},"author":1,"featured_media":29013,"comment_status":"closed","ping_status":"open","sticky":false,"template":"","format":"standard","meta":{"ngg_post_thumbnail":0,"footnotes":""},"categories":[133,116,150],"tags":[2153,638],"class_list":["post-29017","post","type-post","status-publish","format-standard","has-post-thumbnail","category-federaciones","category-fimp-es","category-noticias","tag-italia-nord-es","tag-italia-norte"],"_links":{"self":[{"href":"https:\/\/www.ofmconv.net\/es\/wp-json\/wp\/v2\/posts\/29017","targetHints":{"allow":["GET"]}}],"collection":[{"href":"https:\/\/www.ofmconv.net\/es\/wp-json\/wp\/v2\/posts"}],"about":[{"href":"https:\/\/www.ofmconv.net\/es\/wp-json\/wp\/v2\/types\/post"}],"author":[{"embeddable":true,"href":"https:\/\/www.ofmconv.net\/es\/wp-json\/wp\/v2\/users\/1"}],"replies":[{"embeddable":true,"href":"https:\/\/www.ofmconv.net\/es\/wp-json\/wp\/v2\/comments?post=29017"}],"version-history":[{"count":0,"href":"https:\/\/www.ofmconv.net\/es\/wp-json\/wp\/v2\/posts\/29017\/revisions"}],"wp:featuredmedia":[{"embeddable":true,"href":"https:\/\/www.ofmconv.net\/es\/wp-json\/wp\/v2\/media\/29013"}],"wp:attachment":[{"href":"https:\/\/www.ofmconv.net\/es\/wp-json\/wp\/v2\/media?parent=29017"}],"wp:term":[{"taxonomy":"category","embeddable":true,"href":"https:\/\/www.ofmconv.net\/es\/wp-json\/wp\/v2\/categories?post=29017"},{"taxonomy":"post_tag","embeddable":true,"href":"https:\/\/www.ofmconv.net\/es\/wp-json\/wp\/v2\/tags?post=29017"}],"curies":[{"name":"wp","href":"https:\/\/api.w.org\/{rel}","templated":true}]}}