{"id":29366,"date":"2020-11-13T19:00:08","date_gmt":"2020-11-13T18:00:08","guid":{"rendered":"https:\/\/ofmconv.net\/polonia-mandato-missionario\/"},"modified":"2020-11-13T19:11:41","modified_gmt":"2020-11-13T18:11:41","slug":"polonia-mandato-missionario","status":"publish","type":"post","link":"https:\/\/www.ofmconv.net\/es\/polonia-mandato-missionario\/","title":{"rendered":"Polonia: mandato misionero"},"content":{"rendered":"<p><strong>El d\u00eda jueves 12 de noviembre 2020, en la capilla de la Curia provincial de la Provincia de San Antonio y del Beato Jacobo de Estrepa en Polonia (Cracovia), ha tenido lugar la ceremonia de env\u00edo de un nuevo misionero en Paraguay. Durante la solemne Eucarist\u00eda, Fray Artur PYZA ha recibido la cruz misionera de parte del Ministro provincial de Cracovia Fray Marian GO\u0141\u0104B.<\/strong><\/p>\n<p>\u201cQuerido hermano, Dios te ha elegido para ir y dar fruto, y que tu fruto permanezca. Ve, pues, y predica el Evangelio a toda creatura, imitando as\u00ed a los Ap\u00f3stoles, al Santo Padre Francisco y a sus santos hermanos que han atravesado el mundo predicando el Evangelio y obrando la paz y el bien. Sea esta tu gu\u00eda en los caminos apost\u00f3licos. Sea esta tu ayuda en todo peligro. Sea este tu consuelo en la vida y en la muerte. Que el Se\u00f1or te bendiga y te proteja\u201d \u2013dijo el Ministro provincial.<br \/>\nAl final de la Santa Misa, los hermanos cantaron la bendici\u00f3n de San Francisco de As\u00eds, tomada del libro de los N\u00fameros (6, 24-26). En la liturgia estuvieron presentes, entre otros, Fray Jacek ORZE\u0141 Delegado provincial en Paraguay y Fray Dariusz GACZY\u0143SKI Secretario para la Animaci\u00f3n misionera de la Provincia de Cracovia. El Superior mayor ha presidido la celebraci\u00f3n vistiendo por primera vez una casulla proveniente del Ghana.<br \/>\nFray Artur PYZA (45 a\u00f1os) es originario de Masovia \u2013 Polonia, y pertenece a la Provincia de la Madre de Dios Inmaculada en Polonia (Varsovia). Ha dicho al Ministro general que estaba listo para ir de misi\u00f3n a cualquier lugar. Por su parte, el Ministro general, despu\u00e9s de haber consultado al Ministro provincial de Varsovia, le propuso partir hacia el Paraguay. Por esto, con el consentimiento del Definitorio de la Provincia de Varsovia, ha sido afiliado temporalmente a la Provincia de Cracovia.<br \/>\nFray Artur entr\u00f3 en la Orden en el 1995 despu\u00e9s de haber concluido el liceo. Despu\u00e9s de la formaci\u00f3n en el Seminario mayor franciscano de \u0141\u00f3d\u017a \u0141agiewniki (2003), vivi\u00f3 y trabaj\u00f3 en Skar\u017cysko-Kamienna, en Niepokalan\u00f3w, en Kalisz, en Suwa\u0142ki, en el Eremitorio de G\u00f3ra Polanowska, en Niepokalan\u00f3w-Lasek, y durante los \u00faltimos siete a\u00f1os en Rakovski \u2013 Bulgaria. Hasta ahora ha servido como catequista, Asistente provincial para las vocaciones, Vicario y Ec\u00f3nomo conventual y Guardi\u00e1n.<br \/>\nLa elecci\u00f3n de Fray Artur puede considerarse como un ejemplo de la puesta en pr\u00e1ctica de la Moci\u00f3n 1 del Cap\u00edtulo general del 2019, que dice:\u201d El Gobierno de la Orden: a) favorezca hermanamientos entre Provincias para promover la consolidaci\u00f3n de algunas misiones existentes. La colaboraci\u00f3n ata\u00f1a la solidaridad del personal y la econ\u00f3mica [&#8230;]\u201d. Es, pues, un ejemplo de colaboraci\u00f3n en cuanto a la solidaridad personal entre las Provincias de Varsovia y Cracovia.<\/p>\n<p style=\"text-align: right;\">Fray Jan M. SZEWEK \u2013 Oficina General de Comunicaciones<\/p>\nngg_shortcode_0_placeholder\n","protected":false},"excerpt":{"rendered":"<p>El d\u00eda jueves 12 de noviembre 2020, en la capilla de la Curia provincial de la Provincia de San Antonio y del Beato Jacobo de Estrepa en Polonia (Cracovia), ha tenido lugar la ceremonia de env\u00edo de un nuevo misionero en Paraguay. Durante la solemne Eucarist\u00eda, Fray Artur PYZA ha recibido la cruz misionera de [&hellip;]<\/p>\n","protected":false},"author":1,"featured_media":29362,"comment_status":"closed","ping_status":"open","sticky":false,"template":"","format":"standard","meta":{"ngg_post_thumbnail":0,"footnotes":""},"categories":[133,114,150],"tags":[832,2054,1772],"class_list":["post-29366","post","type-post","status-publish","format-standard","has-post-thumbnail","category-federaciones","category-femo-es","category-noticias","tag-misioneros","tag-missionari-es","tag-polonia-cracovia-es"],"_links":{"self":[{"href":"https:\/\/www.ofmconv.net\/es\/wp-json\/wp\/v2\/posts\/29366","targetHints":{"allow":["GET"]}}],"collection":[{"href":"https:\/\/www.ofmconv.net\/es\/wp-json\/wp\/v2\/posts"}],"about":[{"href":"https:\/\/www.ofmconv.net\/es\/wp-json\/wp\/v2\/types\/post"}],"author":[{"embeddable":true,"href":"https:\/\/www.ofmconv.net\/es\/wp-json\/wp\/v2\/users\/1"}],"replies":[{"embeddable":true,"href":"https:\/\/www.ofmconv.net\/es\/wp-json\/wp\/v2\/comments?post=29366"}],"version-history":[{"count":0,"href":"https:\/\/www.ofmconv.net\/es\/wp-json\/wp\/v2\/posts\/29366\/revisions"}],"wp:featuredmedia":[{"embeddable":true,"href":"https:\/\/www.ofmconv.net\/es\/wp-json\/wp\/v2\/media\/29362"}],"wp:attachment":[{"href":"https:\/\/www.ofmconv.net\/es\/wp-json\/wp\/v2\/media?parent=29366"}],"wp:term":[{"taxonomy":"category","embeddable":true,"href":"https:\/\/www.ofmconv.net\/es\/wp-json\/wp\/v2\/categories?post=29366"},{"taxonomy":"post_tag","embeddable":true,"href":"https:\/\/www.ofmconv.net\/es\/wp-json\/wp\/v2\/tags?post=29366"}],"curies":[{"name":"wp","href":"https:\/\/api.w.org\/{rel}","templated":true}]}}