{"id":29890,"date":"2020-12-04T17:55:27","date_gmt":"2020-12-04T16:55:27","guid":{"rendered":"https:\/\/ofmconv.net\/giappone-capitolo-provinciale-ordinario-parte-i\/"},"modified":"2020-12-04T17:59:32","modified_gmt":"2020-12-04T16:59:32","slug":"giappone-capitolo-provinciale-ordinario-parte-i","status":"publish","type":"post","link":"https:\/\/www.ofmconv.net\/es\/giappone-capitolo-provinciale-ordinario-parte-i\/","title":{"rendered":"Jap\u00f3n: Cap\u00edtulo provincial ordinario &#8211; parte I"},"content":{"rendered":"<p><strong>La Provincia de la Inmaculada Concepci\u00f3n de la Beata Virgen Mar\u00eda en Jap\u00f3n ha celebrado el 16\u00ba Cap\u00edtulo provincial ordinario, del 30 de noviembre al 4 de diciembre 2020, en la casa de retiro de los Pasionistas de Munakata &#8211; Fukuoka.<\/strong><\/p>\n<p>Han participado 18 hermanos capitulares junto con Fray Benedetto BAEK, Asistente general FAMC (Federation of Asian Minor Conventuals), como delegado del Ministro general Fray Carlos A. TROVARELLI.<br \/>\nEl Ministro general confirm\u00f3, telef\u00f3nicamente, a Fray Lucas (Shin-ichiroh) TANIZAKI como nuevo Ministro provincial, elegido por carta el 10 de octubre 2020.<br \/>\nEl nuevo Definitorio provincial est\u00e1 compuesto por: Fray Ioannes Baptista (Masatoshi) YAMAGUCHI Vicario provincial, Fray Marcus (Keiichi) OMIZU Secretario provincial, Fray Josephus (Sin Hyoung) LEE Ec\u00f3nomo provincial y Fray Caecilianus (Mitsuharu) AKAO Definidor provincial.<br \/>\nLa segunda parte del Cap\u00edtulo tendr\u00e1 lugar en el Convento de Seibo-no-Kishi Shudoin en Nagasaki, del 25 al 29 de enero del 2021.<\/p>\n<p style=\"text-align: right;\">Fray Benedetto BAEK, Asistente general FAMC.<\/p>\nngg_shortcode_0_placeholder\n","protected":false},"excerpt":{"rendered":"<p>La Provincia de la Inmaculada Concepci\u00f3n de la Beata Virgen Mar\u00eda en Jap\u00f3n ha celebrado el 16\u00ba Cap\u00edtulo provincial ordinario, del 30 de noviembre al 4 de diciembre 2020, en la casa de retiro de los Pasionistas de Munakata &#8211; Fukuoka. Han participado 18 hermanos capitulares junto con Fray Benedetto BAEK, Asistente general FAMC (Federation [&hellip;]<\/p>\n","protected":false},"author":1,"featured_media":29886,"comment_status":"closed","ping_status":"open","sticky":false,"template":"","format":"standard","meta":{"ngg_post_thumbnail":0,"footnotes":""},"categories":[112,133,150],"tags":[198,968,969],"class_list":["post-29890","post","type-post","status-publish","format-standard","has-post-thumbnail","category-famc-es","category-federaciones","category-noticias","tag-capitulo","tag-giappone-es","tag-japon"],"_links":{"self":[{"href":"https:\/\/www.ofmconv.net\/es\/wp-json\/wp\/v2\/posts\/29890","targetHints":{"allow":["GET"]}}],"collection":[{"href":"https:\/\/www.ofmconv.net\/es\/wp-json\/wp\/v2\/posts"}],"about":[{"href":"https:\/\/www.ofmconv.net\/es\/wp-json\/wp\/v2\/types\/post"}],"author":[{"embeddable":true,"href":"https:\/\/www.ofmconv.net\/es\/wp-json\/wp\/v2\/users\/1"}],"replies":[{"embeddable":true,"href":"https:\/\/www.ofmconv.net\/es\/wp-json\/wp\/v2\/comments?post=29890"}],"version-history":[{"count":0,"href":"https:\/\/www.ofmconv.net\/es\/wp-json\/wp\/v2\/posts\/29890\/revisions"}],"wp:featuredmedia":[{"embeddable":true,"href":"https:\/\/www.ofmconv.net\/es\/wp-json\/wp\/v2\/media\/29886"}],"wp:attachment":[{"href":"https:\/\/www.ofmconv.net\/es\/wp-json\/wp\/v2\/media?parent=29890"}],"wp:term":[{"taxonomy":"category","embeddable":true,"href":"https:\/\/www.ofmconv.net\/es\/wp-json\/wp\/v2\/categories?post=29890"},{"taxonomy":"post_tag","embeddable":true,"href":"https:\/\/www.ofmconv.net\/es\/wp-json\/wp\/v2\/tags?post=29890"}],"curies":[{"name":"wp","href":"https:\/\/api.w.org\/{rel}","templated":true}]}}