{"id":30317,"date":"2020-12-17T16:36:20","date_gmt":"2020-12-17T15:36:20","guid":{"rendered":"https:\/\/ofmconv.net\/honduras-professione-solenne\/"},"modified":"2020-12-17T16:39:47","modified_gmt":"2020-12-17T15:39:47","slug":"honduras-professione-solenne","status":"publish","type":"post","link":"https:\/\/www.ofmconv.net\/es\/honduras-professione-solenne\/","title":{"rendered":"Honduras: Profesi\u00f3n solemne"},"content":{"rendered":"<p><strong>La Custodia provincial de Mar\u00eda Madre de Misericordia en Centroam\u00e9rica tuvo la dicha de celebrar el s\u00e1bado 12 de diciembre, fiesta de nuestra Se\u00f1ora de Guadalupe, la Profesi\u00f3n solemne de Fray Miguel Argelio BUSTILLOS PADILLA.<\/strong><\/p>\n<p>Fray Isidoro de Jes\u00fas MEJ\u00cdA HERN\u00c1NDEZ, en nombre del Custodio provincial, recibi\u00f3 los votos de Fray Miguel, en la parroquia San Maximiliano Mar\u00eda Kolbe de Tegucigalpa &#8211; Honduras, atendida por nuestros hermanos del Convento San Jos\u00e9 de Cupertino. En la celebraci\u00f3n, Fray Miguel vivi\u00f3 la alegr\u00eda de consagrarse definitivamente al Se\u00f1or, en presencia de los hermanos, de sus familiares y amigos.<br \/>\nFray Miguel es oriundo de la Parroquia Santa Ana, Municipio de Guayape en Olancho &#8211; Honduras, y actualmente est\u00e1 de familia en el Convento San Jos\u00e9 de Cupertino y realiza servicio pastoral en la Parroquia San Maximiliano M. Kolbe.<br \/>\nEn medio de las dificultades que atraviesa el pueblo hondure\u00f1o, la Profesi\u00f3n solemne de nuestro hermano es un regalo de Dios y un rayo de esperanza para los frailes de la Custodia y el pueblo de Dios en Honduras.<\/p>\n<p style=\"text-align: right;\">Fray Marcio Rolando MATUTE BERDE.<\/p>\nngg_shortcode_0_placeholder\n","protected":false},"excerpt":{"rendered":"<p>La Custodia provincial de Mar\u00eda Madre de Misericordia en Centroam\u00e9rica tuvo la dicha de celebrar el s\u00e1bado 12 de diciembre, fiesta de nuestra Se\u00f1ora de Guadalupe, la Profesi\u00f3n solemne de Fray Miguel Argelio BUSTILLOS PADILLA. Fray Isidoro de Jes\u00fas MEJ\u00cdA HERN\u00c1NDEZ, en nombre del Custodio provincial, recibi\u00f3 los votos de Fray Miguel, en la parroquia [&hellip;]<\/p>\n","protected":false},"author":1,"featured_media":30313,"comment_status":"closed","ping_status":"open","sticky":false,"template":"","format":"standard","meta":{"ngg_post_thumbnail":0,"footnotes":""},"categories":[109,133,150],"tags":[889,1197,1603],"class_list":["post-30317","post","type-post","status-publish","format-standard","has-post-thumbnail","category-falc-es","category-federaciones","category-noticias","tag-honduras-es","tag-profesion-solemne","tag-voti-solenni-es"],"_links":{"self":[{"href":"https:\/\/www.ofmconv.net\/es\/wp-json\/wp\/v2\/posts\/30317","targetHints":{"allow":["GET"]}}],"collection":[{"href":"https:\/\/www.ofmconv.net\/es\/wp-json\/wp\/v2\/posts"}],"about":[{"href":"https:\/\/www.ofmconv.net\/es\/wp-json\/wp\/v2\/types\/post"}],"author":[{"embeddable":true,"href":"https:\/\/www.ofmconv.net\/es\/wp-json\/wp\/v2\/users\/1"}],"replies":[{"embeddable":true,"href":"https:\/\/www.ofmconv.net\/es\/wp-json\/wp\/v2\/comments?post=30317"}],"version-history":[{"count":0,"href":"https:\/\/www.ofmconv.net\/es\/wp-json\/wp\/v2\/posts\/30317\/revisions"}],"wp:featuredmedia":[{"embeddable":true,"href":"https:\/\/www.ofmconv.net\/es\/wp-json\/wp\/v2\/media\/30313"}],"wp:attachment":[{"href":"https:\/\/www.ofmconv.net\/es\/wp-json\/wp\/v2\/media?parent=30317"}],"wp:term":[{"taxonomy":"category","embeddable":true,"href":"https:\/\/www.ofmconv.net\/es\/wp-json\/wp\/v2\/categories?post=30317"},{"taxonomy":"post_tag","embeddable":true,"href":"https:\/\/www.ofmconv.net\/es\/wp-json\/wp\/v2\/tags?post=30317"}],"curies":[{"name":"wp","href":"https:\/\/api.w.org\/{rel}","templated":true}]}}