{"id":31308,"date":"2021-01-23T13:05:45","date_gmt":"2021-01-23T12:05:45","guid":{"rendered":"https:\/\/ofmconv.net\/?p=31308"},"modified":"2021-01-22T20:06:32","modified_gmt":"2021-01-22T19:06:32","slug":"nuovo-preside-della-facolta-s-bonaventura","status":"publish","type":"post","link":"https:\/\/www.ofmconv.net\/es\/nuovo-preside-della-facolta-s-bonaventura\/","title":{"rendered":"Nuevo Decano de la Facultad San Buenaventura"},"content":{"rendered":"<p><strong>El 14 de enero de 2021, la Congregaci\u00f3n para la Educaci\u00f3n Cat\u00f3lica ha nombrado a Fray Raffaele DI MURO (OFMConv) como Decano de la <a href=\"https:\/\/www.seraphicum.org\/\">Pontificia Facultad Teol\u00f3gica San Buenaventura<\/a> de Roma, por un per\u00edodo de tres a\u00f1os.<\/strong><\/p>\n<p>Fray Raffaele pertenece a la Provincia del Ser\u00e1fico Padre San Francisco en Italia (N\u00e1poles). Naci\u00f3 el 25 de marzo de 1969 en Lucera (FG); emiti\u00f3 la Profesi\u00f3n simple el 29 de agosto de 1997, la solemne el 9 de septiembre del 2000. Fue ordenado Di\u00e1cono el 24 de marzo de 2001 y Presb\u00edtero el 11 de agosto de 2001 en Lucera, por Mons. Francesco ZERRILLO Obispo de Lucera \u2013 Troia.<br \/>\nConsigui\u00f3 la licenciatura en Ciencias Pol\u00edticas en la Universidad de Bari (26 de junio de 1996), el Diploma de Graf\u00f3logo en la Escuela Superior de Grafolog\u00eda \u201cG. Moretti\u201d de Roma (12 de junio de 2001) y el Doctorado en Sagrada Teolog\u00eda en la Pontificia Facultad San Buenaventura (23 de octubre de 2004).<br \/>\nActualmente, en la Facultad San Buenaventura ocupa los cargos de: Catedr\u00e1tico de Teolog\u00eda Espiritual y de Espiritualidad Franciscana, Director de la C\u00e1tedra Kolbiana, Coordinador de la Licenciatura en Franciscanismo, Director de la Escuela de Grafolog\u00eda Seraphicum y Ec\u00f3nomo.<br \/>\nEn este nuevo servicio a la Orden y a la Iglesia, aseguramos a nuestro hermano nuestra afectuosa cercan\u00eda y oraci\u00f3n.<\/p>\n<p style=\"text-align: right;\">La redacci\u00f3n.<\/p>\nngg_shortcode_0_placeholder\n","protected":false},"excerpt":{"rendered":"<p>El 14 de enero de 2021, la Congregaci\u00f3n para la Educaci\u00f3n Cat\u00f3lica ha nombrado a Fray Raffaele DI MURO (OFMConv) como Decano de la Pontificia Facultad Teol\u00f3gica San Buenaventura de Roma, por un per\u00edodo de tres a\u00f1os. Fray Raffaele pertenece a la Provincia del Ser\u00e1fico Padre San Francisco en Italia (N\u00e1poles). Naci\u00f3 el 25 de [&hellip;]<\/p>\n","protected":false},"author":1,"featured_media":31304,"comment_status":"closed","ping_status":"open","sticky":false,"template":"","format":"standard","meta":{"ngg_post_thumbnail":0,"footnotes":""},"categories":[150,146],"tags":[1526,1800],"class_list":["post-31308","post","type-post","status-publish","format-standard","has-post-thumbnail","category-noticias","category-ufficio-comunicazioni-es","tag-nombramiento","tag-nomina-es"],"_links":{"self":[{"href":"https:\/\/www.ofmconv.net\/es\/wp-json\/wp\/v2\/posts\/31308","targetHints":{"allow":["GET"]}}],"collection":[{"href":"https:\/\/www.ofmconv.net\/es\/wp-json\/wp\/v2\/posts"}],"about":[{"href":"https:\/\/www.ofmconv.net\/es\/wp-json\/wp\/v2\/types\/post"}],"author":[{"embeddable":true,"href":"https:\/\/www.ofmconv.net\/es\/wp-json\/wp\/v2\/users\/1"}],"replies":[{"embeddable":true,"href":"https:\/\/www.ofmconv.net\/es\/wp-json\/wp\/v2\/comments?post=31308"}],"version-history":[{"count":0,"href":"https:\/\/www.ofmconv.net\/es\/wp-json\/wp\/v2\/posts\/31308\/revisions"}],"wp:featuredmedia":[{"embeddable":true,"href":"https:\/\/www.ofmconv.net\/es\/wp-json\/wp\/v2\/media\/31304"}],"wp:attachment":[{"href":"https:\/\/www.ofmconv.net\/es\/wp-json\/wp\/v2\/media?parent=31308"}],"wp:term":[{"taxonomy":"category","embeddable":true,"href":"https:\/\/www.ofmconv.net\/es\/wp-json\/wp\/v2\/categories?post=31308"},{"taxonomy":"post_tag","embeddable":true,"href":"https:\/\/www.ofmconv.net\/es\/wp-json\/wp\/v2\/tags?post=31308"}],"curies":[{"name":"wp","href":"https:\/\/api.w.org\/{rel}","templated":true}]}}