{"id":31471,"date":"2021-01-30T17:02:09","date_gmt":"2021-01-30T16:02:09","guid":{"rendered":"https:\/\/ofmconv.net\/ricordo-di-fra-angelo-panzica-missionario-in-zambia\/"},"modified":"2021-01-30T17:08:20","modified_gmt":"2021-01-30T16:08:20","slug":"ricordo-di-fra-angelo-panzica-missionario-in-zambia","status":"publish","type":"post","link":"https:\/\/www.ofmconv.net\/es\/ricordo-di-fra-angelo-panzica-missionario-in-zambia\/","title":{"rendered":"En memoria de Fray Angelo PANZICA, misionero en Zambia"},"content":{"rendered":"<p><strong>El d\u00eda 25 de enero de 2021 ha vuelto a la casa del Padre nuestro hermano Fray Angelo PANZICA, de 81 a\u00f1os de edad y por 52 a\u00f1os misionero en Zambia.<\/strong><\/p>\n<p>Nuestro hermano naci\u00f3 en Marianopoli (CL) el 22 de agosto de 1939; hizo su Profesi\u00f3n simple el 04 de octubre de 1958 y la solemne el 30 de septiembre de 1962; fue ordenado Sacerdote el 18 de diciembre de 1965, perteneciente a la Provincia de las Santas \u00c1gueda y Luc\u00eda en Italia (Sicilia) y trasfiliado in perpetuum a la Provincia de los Santos Protom\u00e1rtires Franciscanos en Zambia.<br \/>\nSus primeros dos a\u00f1os de sacerdocio los dedic\u00f3 a la actividad pastoral en la Parroquia del Sagrado Coraz\u00f3n en Palermo e inmediatamente expres\u00f3 a los superiores su deseo de ir de misi\u00f3n, teniendo una marcada disposici\u00f3n de altruismo y amor por los pobres y desamparados. Por este motivo fue Inglaterra para perfeccionar el idioma y el 18 de diciembre de 1969 parti\u00f3 hacia Zambia, uni\u00e9ndose a los dos hermanos sicilianos ya presentes en ese lugar: Fray Leone CUSIMANO y Fray Giuseppe SCOMA.<br \/>\nDurante los largos a\u00f1os de su estancia en Zambia fue tutor y p\u00e1rroco en las comunidades de Kililabombwe, Kitwe, Makeni, Lusaka e Ibenga, brindando especial atenci\u00f3n pastoral en los pueblos y bosques. El per\u00edodo m\u00e1s intenso fue el de Lusaka, de 1975 a 1993 en el Convento de San Francisco de As\u00eds, donde prodig\u00f3 su incansable acci\u00f3n pastoral y construy\u00f3 una grande iglesia dedicada a la Reina de la Paz (Regina Pacis), cuyas campanas fueron bendecidas por el Papa San Juan Pablo II. De 1996 a 2021 permaneci\u00f3 en Ibenga-Misi\u00f3n Santa Teresa; aqu\u00ed construy\u00f3 una casa de retiros, una granja agr\u00edcola y fund\u00f3 un jard\u00edn de infancia para ayudar a los ni\u00f1os hu\u00e9rfanos de varios pueblos.<br \/>\n\u201cPor su car\u00e1cter emprendedor, sumamente din\u00e1mico, vers\u00e1til en iniciativas dif\u00edciles de comparar \u2013escribi\u00f3 Fray Anselmo BONFIGLI, compa\u00f1ero de misi\u00f3n durante 5 a\u00f1os en Makeni- , impact\u00f3 con sus energ\u00edas y su fuerte impulso misionero para construir comunidades vivas, iglesias y capillas, hogares para los pobres en muchas aldeas, animando coros e iniciativas recreativas, instituyendo obras sociales, caritativas y formativas\u201d.<br \/>\nDos a\u00f1os atr\u00e1s, debido a un derrame cerebral, redujo su actividad pastoral y recientemente contrajo Covid-19. Tras ser hospitalizado y necesitado de ox\u00edgeno, falleci\u00f3 en su habitaci\u00f3n del Convento de Ibenga.<br \/>\nDurante sus 52 a\u00f1os de actividad misionera, Fray Angelo recibi\u00f3 varios honores por parte del gobierno de Zambia por las numerosas obras de caridad a favor de la poblaci\u00f3n zambiana.<br \/>\nEl rito f\u00fanebre fue presidido el 27 de enero por Fray Ferena LAMBE Ministro provincial de Zambia, y sus restos fueron sepultados en el cementerio del Convento de Ibenga, junto a la tumba del Siervo de Dios Mons. Francesco MAZZIERI OFMConv.<br \/>\nEn 2011, Fray Angelo relat\u00f3 su intensa actividad misionera en un libro titulado \u201cHab\u00eda una vez\u2026 y todav\u00eda est\u00e1\u201d que recoge las innumerables experiencias, historias y an\u00e9cdotas de su vida entre su pueblo.<\/p>\n<p style=\"text-align: right;\">Fray Paolo FIASCONARO, Director del Centro Misionero Franciscano<\/p>\nngg_shortcode_0_placeholder\n","protected":false},"excerpt":{"rendered":"<p>El d\u00eda 25 de enero de 2021 ha vuelto a la casa del Padre nuestro hermano Fray Angelo PANZICA, de 81 a\u00f1os de edad y por 52 a\u00f1os misionero en Zambia. Nuestro hermano naci\u00f3 en Marianopoli (CL) el 22 de agosto de 1939; hizo su Profesi\u00f3n simple el 04 de octubre de 1958 y la [&hellip;]<\/p>\n","protected":false},"author":1,"featured_media":31467,"comment_status":"closed","ping_status":"open","sticky":false,"template":"","format":"standard","meta":{"ngg_post_thumbnail":0,"footnotes":""},"categories":[150,146],"tags":[832,2054,730],"class_list":["post-31471","post","type-post","status-publish","format-standard","has-post-thumbnail","category-noticias","category-ufficio-comunicazioni-es","tag-misioneros","tag-missionari-es","tag-zambia-es"],"_links":{"self":[{"href":"https:\/\/www.ofmconv.net\/es\/wp-json\/wp\/v2\/posts\/31471","targetHints":{"allow":["GET"]}}],"collection":[{"href":"https:\/\/www.ofmconv.net\/es\/wp-json\/wp\/v2\/posts"}],"about":[{"href":"https:\/\/www.ofmconv.net\/es\/wp-json\/wp\/v2\/types\/post"}],"author":[{"embeddable":true,"href":"https:\/\/www.ofmconv.net\/es\/wp-json\/wp\/v2\/users\/1"}],"replies":[{"embeddable":true,"href":"https:\/\/www.ofmconv.net\/es\/wp-json\/wp\/v2\/comments?post=31471"}],"version-history":[{"count":0,"href":"https:\/\/www.ofmconv.net\/es\/wp-json\/wp\/v2\/posts\/31471\/revisions"}],"wp:featuredmedia":[{"embeddable":true,"href":"https:\/\/www.ofmconv.net\/es\/wp-json\/wp\/v2\/media\/31467"}],"wp:attachment":[{"href":"https:\/\/www.ofmconv.net\/es\/wp-json\/wp\/v2\/media?parent=31471"}],"wp:term":[{"taxonomy":"category","embeddable":true,"href":"https:\/\/www.ofmconv.net\/es\/wp-json\/wp\/v2\/categories?post=31471"},{"taxonomy":"post_tag","embeddable":true,"href":"https:\/\/www.ofmconv.net\/es\/wp-json\/wp\/v2\/tags?post=31471"}],"curies":[{"name":"wp","href":"https:\/\/api.w.org\/{rel}","templated":true}]}}