{"id":32229,"date":"2021-02-19T12:36:20","date_gmt":"2021-02-19T11:36:20","guid":{"rendered":"https:\/\/ofmconv.net\/usa-visita-canonica-alla-provincia-di-san-giuseppe-da-copertino-sjc\/"},"modified":"2021-02-19T12:41:13","modified_gmt":"2021-02-19T11:41:13","slug":"usa-visita-canonica-alla-provincia-di-san-giuseppe-da-copertino-sjc","status":"publish","type":"post","link":"https:\/\/www.ofmconv.net\/es\/usa-visita-canonica-alla-provincia-di-san-giuseppe-da-copertino-sjc\/","title":{"rendered":"USA: Visita can\u00f3nica a la Provincia de San Jos\u00e9 de Cupertino (SJC)"},"content":{"rendered":"<p><strong>Del 11 de enero al 19 de febrero de 2021, Fray Jude WINKLER Asistente general CFF (Conventual Franciscan Federation), ha realizado la Visita can\u00f3nica general a la Provincia de San Jos\u00e9 de Cupertino en USA, encontr\u00e1ndose con todos los hermanos a excepci\u00f3n de aquellos presentes en la Delegaci\u00f3n provincial en Vietnam.<\/strong><\/p>\n<p>La Provincia tiene seis Conventos con 41 hermanos Profesos solemnes y 3 profesos simples. Tambi\u00e9n hay cuatro hermanos fuera de los Estados Unidos: uno en Roma, uno en Filipinas y dos en Vietnam.<br \/>\nDadas las restricciones a causa de la pandemia, gran parte de la visita se llev\u00f3 a cabo a trav\u00e9s de videoconferencias, llamadas telef\u00f3nicas e incluso e-mail. Fray Jude se reuni\u00f3 con el Definitorio provincial el 02 de febrero para compartir con ellos sus impresiones iniciales.<br \/>\nDos han sido los temas m\u00e1s importantes de la visita: el parecer de los hermanos sobre la posible uni\u00f3n de las Provincias en los Estados Unidos, para crear una sola Provincia; el parecer sobre la posibilidad de que la Delegaci\u00f3n en Vietnam se convierta en Custodia a finales de este a\u00f1o. La gran mayor\u00eda de los hermanos son favorables a estas dos posibilidades.<br \/>\nLa Provincia desea convocar un Cap\u00edtulo extraordinario para este mismo a\u00f1o, probablemente en julio durante la Asamblea provincial ya prevista, o tambi\u00e9n podr\u00eda ser en septiembre durante el retiro provincial, si as\u00ed lo permiten las medidas sanitarias.<\/p>\n<p style=\"text-align: right;\">Fray Jude WINKLER, Asistente general.<\/p>\nngg_shortcode_0_placeholder\n","protected":false},"excerpt":{"rendered":"<p>Del 11 de enero al 19 de febrero de 2021, Fray Jude WINKLER Asistente general CFF (Conventual Franciscan Federation), ha realizado la Visita can\u00f3nica general a la Provincia de San Jos\u00e9 de Cupertino en USA, encontr\u00e1ndose con todos los hermanos a excepci\u00f3n de aquellos presentes en la Delegaci\u00f3n provincial en Vietnam. La Provincia tiene seis [&hellip;]<\/p>\n","protected":false},"author":1,"featured_media":32225,"comment_status":"closed","ping_status":"open","sticky":false,"template":"","format":"standard","meta":{"ngg_post_thumbnail":0,"footnotes":""},"categories":[106,133,150],"tags":[962,1960,1606],"class_list":["post-32229","post","type-post","status-publish","format-standard","has-post-thumbnail","category-cff-es","category-federaciones","category-noticias","tag-usa-sjc-es","tag-visita-canonica-es-2","tag-visita-canonica-es"],"_links":{"self":[{"href":"https:\/\/www.ofmconv.net\/es\/wp-json\/wp\/v2\/posts\/32229","targetHints":{"allow":["GET"]}}],"collection":[{"href":"https:\/\/www.ofmconv.net\/es\/wp-json\/wp\/v2\/posts"}],"about":[{"href":"https:\/\/www.ofmconv.net\/es\/wp-json\/wp\/v2\/types\/post"}],"author":[{"embeddable":true,"href":"https:\/\/www.ofmconv.net\/es\/wp-json\/wp\/v2\/users\/1"}],"replies":[{"embeddable":true,"href":"https:\/\/www.ofmconv.net\/es\/wp-json\/wp\/v2\/comments?post=32229"}],"version-history":[{"count":0,"href":"https:\/\/www.ofmconv.net\/es\/wp-json\/wp\/v2\/posts\/32229\/revisions"}],"wp:featuredmedia":[{"embeddable":true,"href":"https:\/\/www.ofmconv.net\/es\/wp-json\/wp\/v2\/media\/32225"}],"wp:attachment":[{"href":"https:\/\/www.ofmconv.net\/es\/wp-json\/wp\/v2\/media?parent=32229"}],"wp:term":[{"taxonomy":"category","embeddable":true,"href":"https:\/\/www.ofmconv.net\/es\/wp-json\/wp\/v2\/categories?post=32229"},{"taxonomy":"post_tag","embeddable":true,"href":"https:\/\/www.ofmconv.net\/es\/wp-json\/wp\/v2\/tags?post=32229"}],"curies":[{"name":"wp","href":"https:\/\/api.w.org\/{rel}","templated":true}]}}