{"id":32401,"date":"2021-02-23T19:42:50","date_gmt":"2021-02-23T18:42:50","guid":{"rendered":"https:\/\/ofmconv.net\/25-di-professione-religiosa-di-fra-rogerio-pereira-xavier\/"},"modified":"2021-02-23T19:48:40","modified_gmt":"2021-02-23T18:48:40","slug":"25-di-professione-religiosa-di-fra-rogerio-pereira-xavier","status":"publish","type":"post","link":"https:\/\/www.ofmconv.net\/es\/25-di-professione-religiosa-di-fra-rogerio-pereira-xavier\/","title":{"rendered":"25\u00ba Aniversario de Profesi\u00f3n religiosa de Fray Rog\u00e9rio PEREIRA XAVIER"},"content":{"rendered":"<p><strong>El s\u00e1bado 20 de febrero de 2021, en el marco familiar de la capilla del Convento de los Santos XII Ap\u00f3stoles (Roma), rodeado de su comunidad, Fray Rog\u00e9rio PEREIRA XAVIER Asistente general FALC (Federaci\u00f3n Am\u00e9rica Latina Conventuales) ha renovado sus votos religiosos, a 25 a\u00f1os de su primera Profesi\u00f3n.<\/strong><\/p>\n<p>La celebraci\u00f3n de las primeras V\u00edsperas del Primer Domingo de Cuaresma, en la mayor sencillez, estuvo presidida por el Ministro general Fray Carlos TROVARELLI que, en su breve homil\u00eda, subray\u00f3 dos elementos caracter\u00edsticos de Fray Rog\u00e9rio: la alegr\u00eda y la creatividad; alegr\u00eda que nuestro hermano vive en su vocaci\u00f3n, ya sea en Roma o en las comunidades que visita como Asistente general, y creatividad que sugiere siempre un pensamiento diverso e iluminador, que sobre pasa los esquemas comunes, incluso en las delicadas discusiones del Definitorio general.<br \/>\nEl Definitorio al completo, con la presencia del hermano Arzobispo Fray Dominique J. MATHIEU, y la comunidad de los Santos XII Ap\u00f3stoles, casi al completo, han festejado con el \u00e1gape fraterno a nuestro hermano, agradeciendo a Dios por este don, que con su serenidad y profundidad a todos nos recuerda que no es indispensable ser presb\u00edteros para ser franciscanos, y que el carisma se encarna en todos aquellos que con sencillez y fidelidad construyen cotidianamente el reino de Dios en la fraternidad de la Iglesia.<\/p>\n<p style=\"text-align: right;\">Fray Maurizio DI PAOLO.<\/p>\nngg_shortcode_0_placeholder\n","protected":false},"excerpt":{"rendered":"<p>El s\u00e1bado 20 de febrero de 2021, en el marco familiar de la capilla del Convento de los Santos XII Ap\u00f3stoles (Roma), rodeado de su comunidad, Fray Rog\u00e9rio PEREIRA XAVIER Asistente general FALC (Federaci\u00f3n Am\u00e9rica Latina Conventuales) ha renovado sus votos religiosos, a 25 a\u00f1os de su primera Profesi\u00f3n. La celebraci\u00f3n de las primeras V\u00edsperas [&hellip;]<\/p>\n","protected":false},"author":1,"featured_media":32397,"comment_status":"closed","ping_status":"open","sticky":false,"template":"","format":"standard","meta":{"ngg_post_thumbnail":0,"footnotes":""},"categories":[150,146],"tags":[406,424,941,1893,1932],"class_list":["post-32401","post","type-post","status-publish","format-standard","has-post-thumbnail","category-noticias","category-ufficio-comunicazioni-es","tag-aniversario","tag-ministro-general","tag-roma-es","tag-santi-xii-apostoli-es","tag-santos-xii-apostoles"],"_links":{"self":[{"href":"https:\/\/www.ofmconv.net\/es\/wp-json\/wp\/v2\/posts\/32401","targetHints":{"allow":["GET"]}}],"collection":[{"href":"https:\/\/www.ofmconv.net\/es\/wp-json\/wp\/v2\/posts"}],"about":[{"href":"https:\/\/www.ofmconv.net\/es\/wp-json\/wp\/v2\/types\/post"}],"author":[{"embeddable":true,"href":"https:\/\/www.ofmconv.net\/es\/wp-json\/wp\/v2\/users\/1"}],"replies":[{"embeddable":true,"href":"https:\/\/www.ofmconv.net\/es\/wp-json\/wp\/v2\/comments?post=32401"}],"version-history":[{"count":0,"href":"https:\/\/www.ofmconv.net\/es\/wp-json\/wp\/v2\/posts\/32401\/revisions"}],"wp:featuredmedia":[{"embeddable":true,"href":"https:\/\/www.ofmconv.net\/es\/wp-json\/wp\/v2\/media\/32397"}],"wp:attachment":[{"href":"https:\/\/www.ofmconv.net\/es\/wp-json\/wp\/v2\/media?parent=32401"}],"wp:term":[{"taxonomy":"category","embeddable":true,"href":"https:\/\/www.ofmconv.net\/es\/wp-json\/wp\/v2\/categories?post=32401"},{"taxonomy":"post_tag","embeddable":true,"href":"https:\/\/www.ofmconv.net\/es\/wp-json\/wp\/v2\/tags?post=32401"}],"curies":[{"name":"wp","href":"https:\/\/api.w.org\/{rel}","templated":true}]}}