{"id":32423,"date":"2021-02-23T19:55:08","date_gmt":"2021-02-23T18:55:08","guid":{"rendered":"https:\/\/ofmconv.net\/seraphicum-nasce-il-master-fratelli-tutti\/"},"modified":"2021-02-23T20:01:00","modified_gmt":"2021-02-23T19:01:00","slug":"seraphicum-nasce-il-master-fratelli-tutti","status":"publish","type":"post","link":"https:\/\/www.ofmconv.net\/es\/seraphicum-nasce-il-master-fratelli-tutti\/","title":{"rendered":"Seraphicum: nace el master \u201cFratelli Tutti\u201d"},"content":{"rendered":"<p><strong>Importantes novedades a la vista para el pr\u00f3ximo a\u00f1o acad\u00e9mico de la Pontificia Facultad Teol\u00f3gica \u201cSan Buenaventura\u201d en el Seraphicum de Roma, con el lanzamiento del master \u201cFratelli Tutti\u201d.<\/strong><\/p>\n<p>La noticia la ha anticipado el Decano Fray Raffaele DI MURO, que anuncia la introducci\u00f3n \u2013a partir del pr\u00f3ximo mes de octubre 2021- de esta nueva propuesta formativa, destinada a profundizar en el rico magisterio del Papa Francisco. La iniciativa, que contar\u00e1 con importantes colaboraciones, se dar\u00e1 a conocer con detalle en las pr\u00f3ximas semanas.<br \/>\nEl objetivo \u2013declarado en la entrevista con el mensual <em>San Buenaventura informa<\/em> que saldr\u00e1 esta semana- es de profundizar en \u00e1mbito acad\u00e9mico, el magisterio del Papa Francisco, aferrando el estrecho v\u00ednculo del Pont\u00edfice con el mundo franciscano.<br \/>\n\u201cVeo como nuestro compromiso y responsabilidad \u2013explica Fray Raffaele- transmitir lo que el Papa Francisco est\u00e1 ofreciendo a toda la Iglesia y a la humanidad. Tenemos un Papa que lleva el nombre del Santo de As\u00eds, un Papa que da nombres franciscanos a sus enc\u00edclicas, que ha hecho que todos prestemos gran atenci\u00f3n a As\u00eds, creando Cardenal al Custodio del Sacro Convento Fray Mauro GAMBETTI, primera vez que esto ocurre en nuestra historia. Esto significa que existe un fort\u00edsimo v\u00ednculo con San Francisco, con el carisma y el mundo franciscano; por eso, creo que la Facultad \u2013como siempre lo ha hecho-, hoy m\u00e1s que nunca tiene esta vocaci\u00f3n muy marcada, la de transmitir el mensaje de un magisterio muy actual, muy concreto y atento a cuanto est\u00e1 aconteciendo\u201d.<\/p>\n<p style=\"text-align: right;\">Elisabetta LO IACONO, Oficina de prensa Seraphicum<\/p>\n<figure id=\"attachment_32412\" aria-describedby=\"caption-attachment-32412\" style=\"width: 300px\" class=\"wp-caption aligncenter\"><a href=\"https:\/\/ofmconv.net\/wp-content\/uploads\/2021\/02\/Raffaele-Di-Muro.jpg\"><img loading=\"lazy\" decoding=\"async\" class=\"size-medium wp-image-32412\" src=\"https:\/\/ofmconv.net\/wp-content\/uploads\/2021\/02\/Raffaele-Di-Muro-300x300.jpg\" alt=\"Raffaele Di Muro OFMConv\" width=\"300\" height=\"300\" srcset=\"https:\/\/www.ofmconv.net\/wp-content\/uploads\/2021\/02\/Raffaele-Di-Muro-300x300.jpg 300w, https:\/\/www.ofmconv.net\/wp-content\/uploads\/2021\/02\/Raffaele-Di-Muro-150x150.jpg 150w, https:\/\/www.ofmconv.net\/wp-content\/uploads\/2021\/02\/Raffaele-Di-Muro-419x420.jpg 419w, https:\/\/www.ofmconv.net\/wp-content\/uploads\/2021\/02\/Raffaele-Di-Muro.jpg 600w\" sizes=\"auto, (max-width: 300px) 100vw, 300px\" \/><\/a><figcaption id=\"caption-attachment-32412\" class=\"wp-caption-text\">Raffaele Di Muro OFMConv<\/figcaption><\/figure>\n","protected":false},"excerpt":{"rendered":"<p>Importantes novedades a la vista para el pr\u00f3ximo a\u00f1o acad\u00e9mico de la Pontificia Facultad Teol\u00f3gica \u201cSan Buenaventura\u201d en el Seraphicum de Roma, con el lanzamiento del master \u201cFratelli Tutti\u201d. La noticia la ha anticipado el Decano Fray Raffaele DI MURO, que anuncia la introducci\u00f3n \u2013a partir del pr\u00f3ximo mes de octubre 2021- de esta nueva [&hellip;]<\/p>\n","protected":false},"author":1,"featured_media":32419,"comment_status":"closed","ping_status":"open","sticky":false,"template":"","format":"standard","meta":{"ngg_post_thumbnail":0,"footnotes":""},"categories":[150,146],"tags":[941,338],"class_list":["post-32423","post","type-post","status-publish","format-standard","has-post-thumbnail","category-noticias","category-ufficio-comunicazioni-es","tag-roma-es","tag-seraphicum-es"],"_links":{"self":[{"href":"https:\/\/www.ofmconv.net\/es\/wp-json\/wp\/v2\/posts\/32423","targetHints":{"allow":["GET"]}}],"collection":[{"href":"https:\/\/www.ofmconv.net\/es\/wp-json\/wp\/v2\/posts"}],"about":[{"href":"https:\/\/www.ofmconv.net\/es\/wp-json\/wp\/v2\/types\/post"}],"author":[{"embeddable":true,"href":"https:\/\/www.ofmconv.net\/es\/wp-json\/wp\/v2\/users\/1"}],"replies":[{"embeddable":true,"href":"https:\/\/www.ofmconv.net\/es\/wp-json\/wp\/v2\/comments?post=32423"}],"version-history":[{"count":0,"href":"https:\/\/www.ofmconv.net\/es\/wp-json\/wp\/v2\/posts\/32423\/revisions"}],"wp:featuredmedia":[{"embeddable":true,"href":"https:\/\/www.ofmconv.net\/es\/wp-json\/wp\/v2\/media\/32419"}],"wp:attachment":[{"href":"https:\/\/www.ofmconv.net\/es\/wp-json\/wp\/v2\/media?parent=32423"}],"wp:term":[{"taxonomy":"category","embeddable":true,"href":"https:\/\/www.ofmconv.net\/es\/wp-json\/wp\/v2\/categories?post=32423"},{"taxonomy":"post_tag","embeddable":true,"href":"https:\/\/www.ofmconv.net\/es\/wp-json\/wp\/v2\/tags?post=32423"}],"curies":[{"name":"wp","href":"https:\/\/api.w.org\/{rel}","templated":true}]}}