{"id":33548,"date":"2021-04-06T20:46:36","date_gmt":"2021-04-06T18:46:36","guid":{"rendered":"https:\/\/ofmconv.net\/roma-giubilei-al-seraphicum\/"},"modified":"2021-04-06T20:53:02","modified_gmt":"2021-04-06T18:53:02","slug":"roma-giubilei-al-seraphicum","status":"publish","type":"post","link":"https:\/\/www.ofmconv.net\/es\/roma-giubilei-al-seraphicum\/","title":{"rendered":"Roma: celebraciones Jubilares en el Seraphicum"},"content":{"rendered":"<p><strong>El 4 de abril de 2021, Domingo de Pascua de Resurrecci\u00f3n de Nuestro Se\u00f1or Jesucristo, los hermanos de la comunidad del Colegio Internacional San Buenaventura (Seraphicum), celebraron con alegr\u00eda el 70\u00ba aniversario de sacerdocio de Fray Francesco URICCHIO y el 50\u00ba aniversario de sacerdocio de Fray Felice FIASCONARO.<\/strong><\/p>\n<p>Los hermanos de la comunidad celebraron la solemnidad de Pascua en la capilla San Buenaventura del Seraphicum, con la Santa Misa presidida por el Guardi\u00e1n Fray Felice FIASCONARO a las 12:00 del d\u00eda. El Ministro general Fray Carlos TROVARELLI estuvo presente en la celebraci\u00f3n, quien expres\u00f3 a todos los presentes sus m\u00e1s sinceras felicitaciones y deseos de una santa Pascua, y a Fray Felice y Fray Francesco con motivo de su aniversario de sacerdocio.<br \/>\nEn su homil\u00eda, el Guardi\u00e1n expres\u00f3 con enorme gratitud y humildad su agradecimiento al Se\u00f1or por el gran regalo del sacerdocio, adem\u00e1s de su gran cari\u00f1o que siente por los hermanos del Seraphicum y toda la Orden. Fray Raffaele DI MURO, Vicario de la comunidad, antes de la conclusi\u00f3n de la celebraci\u00f3n y en nombre de toda la comunidad, entreg\u00f3 a los festejados un icono que representa la crucifixi\u00f3n del Se\u00f1or Jes\u00fas, remarcando que el misterio de la Cruz identifica la misi\u00f3n realizada por estos dos hermanos nuestros en el ejercicio de su ministerio sacerdotal. El Ministro general particip\u00f3 en la comida festiva de la comunidad y les agradeci\u00f3 por haber vivido juntos este feliz momento fraterno el d\u00eda de la Resurrecci\u00f3n de Nuestro Se\u00f1or.<\/p>\n<p style=\"text-align: right;\">Fray Salvatore M. ROBUSTELLI.<\/p>\nngg_shortcode_0_placeholder\n","protected":false},"excerpt":{"rendered":"<p>El 4 de abril de 2021, Domingo de Pascua de Resurrecci\u00f3n de Nuestro Se\u00f1or Jesucristo, los hermanos de la comunidad del Colegio Internacional San Buenaventura (Seraphicum), celebraron con alegr\u00eda el 70\u00ba aniversario de sacerdocio de Fray Francesco URICCHIO y el 50\u00ba aniversario de sacerdocio de Fray Felice FIASCONARO. Los hermanos de la comunidad celebraron la [&hellip;]<\/p>\n","protected":false},"author":1,"featured_media":33544,"comment_status":"closed","ping_status":"open","sticky":false,"template":"","format":"standard","meta":{"ngg_post_thumbnail":0,"footnotes":""},"categories":[150,146],"tags":[1534,941,338,1725],"class_list":["post-33548","post","type-post","status-publish","format-standard","has-post-thumbnail","category-noticias","category-ufficio-comunicazioni-es","tag-jubileo","tag-roma-es","tag-seraphicum-es","tag-seraphicum-2-es"],"_links":{"self":[{"href":"https:\/\/www.ofmconv.net\/es\/wp-json\/wp\/v2\/posts\/33548","targetHints":{"allow":["GET"]}}],"collection":[{"href":"https:\/\/www.ofmconv.net\/es\/wp-json\/wp\/v2\/posts"}],"about":[{"href":"https:\/\/www.ofmconv.net\/es\/wp-json\/wp\/v2\/types\/post"}],"author":[{"embeddable":true,"href":"https:\/\/www.ofmconv.net\/es\/wp-json\/wp\/v2\/users\/1"}],"replies":[{"embeddable":true,"href":"https:\/\/www.ofmconv.net\/es\/wp-json\/wp\/v2\/comments?post=33548"}],"version-history":[{"count":0,"href":"https:\/\/www.ofmconv.net\/es\/wp-json\/wp\/v2\/posts\/33548\/revisions"}],"wp:featuredmedia":[{"embeddable":true,"href":"https:\/\/www.ofmconv.net\/es\/wp-json\/wp\/v2\/media\/33544"}],"wp:attachment":[{"href":"https:\/\/www.ofmconv.net\/es\/wp-json\/wp\/v2\/media?parent=33548"}],"wp:term":[{"taxonomy":"category","embeddable":true,"href":"https:\/\/www.ofmconv.net\/es\/wp-json\/wp\/v2\/categories?post=33548"},{"taxonomy":"post_tag","embeddable":true,"href":"https:\/\/www.ofmconv.net\/es\/wp-json\/wp\/v2\/tags?post=33548"}],"curies":[{"name":"wp","href":"https:\/\/api.w.org\/{rel}","templated":true}]}}