{"id":34341,"date":"2021-05-04T21:39:41","date_gmt":"2021-05-04T19:39:41","guid":{"rendered":"https:\/\/ofmconv.net\/seraphicum-convegno-il-viaggio-interiore-itinerari-francescani-per-lhomo-viator\/"},"modified":"2021-05-06T10:56:21","modified_gmt":"2021-05-06T08:56:21","slug":"seraphicum-convegno-il-viaggio-interiore-itinerari-francescani-per-lhomo-viator","status":"publish","type":"post","link":"https:\/\/www.ofmconv.net\/es\/seraphicum-convegno-il-viaggio-interiore-itinerari-francescani-per-lhomo-viator\/","title":{"rendered":"Seraphicum: congreso \u201cEl viaje interior: itinerarios franciscanos para el <i>homo Viator<\/i>\u201d"},"content":{"rendered":"<p><strong>Ya est\u00e1n abiertas las inscripciones para el congreso \u201cEl viaje interior: itinerarios franciscanos para el <em>homo Viator<\/em>\u201d, propuesto por la Pontificia Facultad Teol\u00f3gica \u201cSan Buenaventura\u201d &#8211; Seraphicum de Roma, del 6 al 8 de septiembre de 2021, para acompa\u00f1ar el viaje interior del hombre en camino, a trav\u00e9s del mensaje y testimonio de los franciscanos.<\/strong><\/p>\n<p>El Congreso, promovido en colaboraci\u00f3n con el Instituto Teol\u00f3gico San Antonio Doctor (Padua), contar\u00e1 con la participaci\u00f3n de reconocidos estudiosos en ambiente franciscano como Fray Luciano BERTAZZO OFMConv, Fray Antonio BERTAZZO OFMConv, Fray Pietro MARANESI OFMCap y Sor Marzia CESCHIA.<br \/>\nLos trabajos se abrir\u00e1n el lunes 6 de septiembre a las 9:00 am con el saludo y bienvenida del Decano de la Facultad Fray Raffaele DI MURO OFMConv, seguido de la primera conferencia confiada a Fray Luciano BERTAZZO, sobre el tema \u201c<em>Homo Viator<\/em>: lenguajes entre \u2018simb\u00f3lica\u2019 y experiencia espiritual\u201d. A las 10:15 tocar\u00e1 el turno a Fray Antonio BERTAZZO, que hablar\u00e1 sobre \u201cEl viaje interior: una propuesta antropol\u00f3gica para el hoy\u201d. El momento de profundizaci\u00f3n continuar\u00e1 con la sugerencia de textos para el estudio personal.<br \/>\nA las 3:00 pm se retomar\u00e1n los trabajos con dos horas para el debate entre los participantes, seg\u00fan un esquema de trabajo que se repetir\u00e1 en los d\u00edas sucesivos.<br \/>\nAl d\u00eda siguiente, martes 7 de septiembre a las 9:00 am, ser\u00e1 Fray Pietro MARANESI quien ofrecer\u00e1 la conferencia sobre \u201cItinerarios franciscanos\u201d, seguida de la profundizaci\u00f3n persona y, por la tarde, el momento de debate.<br \/>\nEl \u00faltimo d\u00eda del congreso, mi\u00e9rcoles 8 de septiembre, girar\u00e1 en torno a la conferencia de Sor Marzia CESCHIA, sobre el tema \u201cUna propuesta en femenino: Clara y otras mujeres\u201d, seguida de la indicaci\u00f3n de algunos textos para el estudio personal y, a las 3:00 pm, el debate entre los participantes.<br \/>\nA las 6:00 pm, Fray Raffaele DI MURO concluir\u00e1 los trabajos, que remarcan c\u00f3mo \u201ceste evento inaugura una serie de iniciativas de estudios franciscanos, encaminadas a presentar y valorar la espiritualidad de San Francisco y de tantos preciosos personajes del universo ser\u00e1fico. Para nuestra Facultad, adem\u00e1s, este evento busca ser un digno pr\u00f3logo del curso de franciscanismo \u201c<a href=\"https:\/\/www.sanbonaventuraseraphicum.org\/it\/corso-di-francescanesimo\">Tras las huellas de Francisco y Clara<\/a>\u201d, ya en programa para el nuevo a\u00f1o acad\u00e9mico\u201d.<\/p>\n<p>La participaci\u00f3n al congreso tiene un costo de 150 euros (incluido el almuerzo) y de 270 euros para el paquete completo (hospedaje incluido).<br \/>\nEn la sede del congreso (v\u00eda del Ser\u00e1fico 1, Roma) tambi\u00e9n se cuenta con un servicio de cafeter\u00eda y comida, amplio estacionamiento, jard\u00edn y una surtida biblioteca.<br \/>\nPara informaci\u00f3n e inscripci\u00f3n al congreso (hasta el 5 de septiembre pr\u00f3ximo), escribe a: <a href=\"mailto:segreteria@seraphicum.org\">segreteria@seraphicum.org<\/a>.<br \/>\nPuedes descargar en este enlace el folleto con el m\u00f3dulo de inscripci\u00f3n:<br \/>\n<a href=\"https:\/\/www.sanbonaventuraseraphicum.org\/upload_kcfinder\/files\/Brochure_Il_viaggio_interiore.pdf\">https:\/\/www.sanbonaventuraseraphicum.org\/upload_kcfinder\/files\/Brochure_Il_viaggio_interiore.pdf<\/a>.<\/p>\n<p style=\"text-align: right;\">Elisabetta LO IACONO, Oficina de Prensa Seraphicum.<\/p>\nngg_shortcode_0_placeholder\n","protected":false},"excerpt":{"rendered":"<p>Ya est\u00e1n abiertas las inscripciones para el congreso \u201cEl viaje interior: itinerarios franciscanos para el homo Viator\u201d, propuesto por la Pontificia Facultad Teol\u00f3gica \u201cSan Buenaventura\u201d &#8211; Seraphicum de Roma, del 6 al 8 de septiembre de 2021, para acompa\u00f1ar el viaje interior del hombre en camino, a trav\u00e9s del mensaje y testimonio de los franciscanos. [&hellip;]<\/p>\n","protected":false},"author":1,"featured_media":34475,"comment_status":"closed","ping_status":"open","sticky":false,"template":"","format":"standard","meta":{"ngg_post_thumbnail":0,"footnotes":""},"categories":[150,146],"tags":[338,1725],"class_list":["post-34341","post","type-post","status-publish","format-standard","has-post-thumbnail","category-noticias","category-ufficio-comunicazioni-es","tag-seraphicum-es","tag-seraphicum-2-es"],"_links":{"self":[{"href":"https:\/\/www.ofmconv.net\/es\/wp-json\/wp\/v2\/posts\/34341","targetHints":{"allow":["GET"]}}],"collection":[{"href":"https:\/\/www.ofmconv.net\/es\/wp-json\/wp\/v2\/posts"}],"about":[{"href":"https:\/\/www.ofmconv.net\/es\/wp-json\/wp\/v2\/types\/post"}],"author":[{"embeddable":true,"href":"https:\/\/www.ofmconv.net\/es\/wp-json\/wp\/v2\/users\/1"}],"replies":[{"embeddable":true,"href":"https:\/\/www.ofmconv.net\/es\/wp-json\/wp\/v2\/comments?post=34341"}],"version-history":[{"count":0,"href":"https:\/\/www.ofmconv.net\/es\/wp-json\/wp\/v2\/posts\/34341\/revisions"}],"wp:featuredmedia":[{"embeddable":true,"href":"https:\/\/www.ofmconv.net\/es\/wp-json\/wp\/v2\/media\/34475"}],"wp:attachment":[{"href":"https:\/\/www.ofmconv.net\/es\/wp-json\/wp\/v2\/media?parent=34341"}],"wp:term":[{"taxonomy":"category","embeddable":true,"href":"https:\/\/www.ofmconv.net\/es\/wp-json\/wp\/v2\/categories?post=34341"},{"taxonomy":"post_tag","embeddable":true,"href":"https:\/\/www.ofmconv.net\/es\/wp-json\/wp\/v2\/tags?post=34341"}],"curies":[{"name":"wp","href":"https:\/\/api.w.org\/{rel}","templated":true}]}}