{"id":34698,"date":"2021-05-18T20:28:55","date_gmt":"2021-05-18T18:28:55","guid":{"rendered":"https:\/\/ofmconv.net\/polonia-simposio-sul-tempo-di-pandemia\/"},"modified":"2021-05-18T20:32:24","modified_gmt":"2021-05-18T18:32:24","slug":"polonia-simposio-sul-tempo-di-pandemia","status":"publish","type":"post","link":"https:\/\/www.ofmconv.net\/es\/polonia-simposio-sul-tempo-di-pandemia\/","title":{"rendered":"Polonia: Simposio sobre el tiempo de pandemia"},"content":{"rendered":"<p><strong>El 15 de mayo de 2021, la Sociedad Cient\u00edfica Franciscana de Cracovia ha organizado un simposio para responder a la pregunta: \u00bfes el tiempo de pandemia un tiempo de sufrimiento y prueba o una oportunidad para profundizar en el crecimiento espiritual y construir relaciones interpersonales? Los ponentes abordaron el tema desde una perspectiva hist\u00f3rica, pastoral-moral y espiritual-pr\u00e1ctica.<\/strong><\/p>\n<p>Fray Andrzej HEJNOWICZ explic\u00f3 el t\u00e9rmino \u201cepidemia\u201d y habl\u00f3 de la historia de las epidemias en Europa en la antig\u00fcedad y en la Edad Media, de la b\u00fasqueda de las causas, de los m\u00e9todos para combatirlas, de los efectos y tambi\u00e9n de los patrones: la Madre de Dios, San Sebasti\u00e1n\u2026<br \/>\nFray Jerzy BRUSI\u0141O pas\u00f3 a tiempos m\u00e1s recientes y en su charla record\u00f3 los or\u00edgenes de SARS, la fuente original del germen, el desarrollo de la epidemia, el significado de los virus en la vida humana, el enfoque de la epidemia y las enfermedades causadas por la infecci\u00f3n, las actitudes ante la epidemia, las reacciones de la Iglesia y de la gente ante el coronavirus, las medidas adoptadas para contrarrestarlo, los problemas morales asociados, la atenci\u00f3n pastoral durante la pandemia, los postulados pastorales ante las dificultades de las epidemias y los desaf\u00edos para la atenci\u00f3n pastoral.<br \/>\nFray Piotr CUBER, Guardi\u00e1n del Convento San Francisco en Cracovia, describi\u00f3 la evoluci\u00f3n de la pandemia en su Convento y analiz\u00f3 los retos a los que se enfrenta toda la comunidad. Se refiri\u00f3 a las decisiones tomadas durante este per\u00edodo, a la actitud de los hermanos, a la solidaridad y a la ayuda externa, que ha permitido mantener el servicio pastoral en la Bas\u00edlica durante m\u00e1s de un a\u00f1o sin cerrarla.<br \/>\nFray Marian GO\u0141\u0104B, Ministro provincial de la Provincia de San Antonio y del Beato Jacobo de Estrepa en Polonia (Cracovia), resumi\u00f3 brevemente el per\u00edodo de la pandemia en la Provincia. Habl\u00f3 de las iniciativas de caridad de los hermanos en favor de los necesitados y los enfermos, de la ayuda mutua entre los Conventos en cuarentena (Cracovia, Kalwaria Pac\u0142awska, Sanok), de las oraciones propuestas para esta calamidad, de la transmisi\u00f3n de las celebraciones lit\u00fargicas, de las Santas Misas por internet y los encuentros de los grupos pastorales, del Cap\u00edtulo provincial ordinario celebrado tanto presencialmente como en l\u00ednea, de la campa\u00f1a \u201cAdopta un m\u00e9dico\u201d, de la actitud de los misioneros que permanecieron con los fieles.<br \/>\nResumiendo el simposio, Fray Zbigniew W\u00d3JCIK se\u00f1al\u00f3 que, junto con el cambio en el funcionamiento de la sociedad en la esfera p\u00fablica, tambi\u00e9n se produjo un cambio en la forma de participar en las celebraciones religiosas y en los sacramentos.<br \/>\nEl simposio fue dirigido por Fray Marek FIA\u0141KOWSKI, quien tambi\u00e9n dio la homil\u00eda durante la Celebraci\u00f3n Eucar\u00edstica que coron\u00f3 el evento.<\/p>\n<p style=\"text-align: right;\">Fray Jan M. SZEWEK.<\/p>\n","protected":false},"excerpt":{"rendered":"<p>El 15 de mayo de 2021, la Sociedad Cient\u00edfica Franciscana de Cracovia ha organizado un simposio para responder a la pregunta: \u00bfes el tiempo de pandemia un tiempo de sufrimiento y prueba o una oportunidad para profundizar en el crecimiento espiritual y construir relaciones interpersonales? Los ponentes abordaron el tema desde una perspectiva hist\u00f3rica, pastoral-moral [&hellip;]<\/p>\n","protected":false},"author":1,"featured_media":34694,"comment_status":"closed","ping_status":"open","sticky":false,"template":"","format":"standard","meta":{"ngg_post_thumbnail":0,"footnotes":""},"categories":[133,114,150],"tags":[1772],"class_list":["post-34698","post","type-post","status-publish","format-standard","has-post-thumbnail","category-federaciones","category-femo-es","category-noticias","tag-polonia-cracovia-es"],"_links":{"self":[{"href":"https:\/\/www.ofmconv.net\/es\/wp-json\/wp\/v2\/posts\/34698","targetHints":{"allow":["GET"]}}],"collection":[{"href":"https:\/\/www.ofmconv.net\/es\/wp-json\/wp\/v2\/posts"}],"about":[{"href":"https:\/\/www.ofmconv.net\/es\/wp-json\/wp\/v2\/types\/post"}],"author":[{"embeddable":true,"href":"https:\/\/www.ofmconv.net\/es\/wp-json\/wp\/v2\/users\/1"}],"replies":[{"embeddable":true,"href":"https:\/\/www.ofmconv.net\/es\/wp-json\/wp\/v2\/comments?post=34698"}],"version-history":[{"count":0,"href":"https:\/\/www.ofmconv.net\/es\/wp-json\/wp\/v2\/posts\/34698\/revisions"}],"wp:featuredmedia":[{"embeddable":true,"href":"https:\/\/www.ofmconv.net\/es\/wp-json\/wp\/v2\/media\/34694"}],"wp:attachment":[{"href":"https:\/\/www.ofmconv.net\/es\/wp-json\/wp\/v2\/media?parent=34698"}],"wp:term":[{"taxonomy":"category","embeddable":true,"href":"https:\/\/www.ofmconv.net\/es\/wp-json\/wp\/v2\/categories?post=34698"},{"taxonomy":"post_tag","embeddable":true,"href":"https:\/\/www.ofmconv.net\/es\/wp-json\/wp\/v2\/tags?post=34698"}],"curies":[{"name":"wp","href":"https:\/\/api.w.org\/{rel}","templated":true}]}}