{"id":34864,"date":"2021-05-25T09:12:02","date_gmt":"2021-05-25T07:12:02","guid":{"rendered":"https:\/\/ofmconv.net\/roma-open-day-di-grafologia-al-seraphicum\/"},"modified":"2021-05-25T09:21:25","modified_gmt":"2021-05-25T07:21:25","slug":"roma-open-day-di-grafologia-al-seraphicum","status":"publish","type":"post","link":"https:\/\/www.ofmconv.net\/es\/roma-open-day-di-grafologia-al-seraphicum\/","title":{"rendered":"Roma: Jornada abierta de grafolog\u00eda en el Seraphicum"},"content":{"rendered":"<p><strong>El s\u00e1bado 22 de mayo de 2021 a las 03:00 pm, en la Sala Sixto V del Colegio Internacional Seraphicum de Roma, ha tenido lugar el \u201cOpen Day\u201d de la escuela de grafolog\u00eda, presentada por el Decano de la Pontificia Facultad Teol\u00f3gica San Buenaventura Fray Raffaele DI MURO.<\/strong><\/p>\n<p>La modalidad del encuentro ha sido d\u00faplice: presencial y en l\u00ednea, con una participaci\u00f3n entusiasta tanto por parte de estudiantes de la escuela grafol\u00f3gica como por parte de un cierto n\u00famero de personas interesadas en el evento.<br \/>\nEn su discurso de introducci\u00f3n, Fray Raffaele ha citado a la Dra. Alessandra MILLEVOLTE, presente en el encuentro, quien en una entrevista recientemente ofrecida ha compartido una interesante definici\u00f3n sobre la disciplina de la grafolog\u00eda, defini\u00e9ndola como \u201celectroencefalograma\u201d, ya que el movimiento de la escritura registra lo que ocurre a nivel neurol\u00f3gico, fisiol\u00f3gico y psicol\u00f3gico, revelando la totalidad de la persona. El Decano de la Facultad record\u00f3 la memoria de Fray Girolamo MORETTI OFMConv, iniciador del estudio y la investigaci\u00f3n grafol\u00f3gica en Italia.<br \/>\nSe dio la palabra a los profesores, con una breve introducci\u00f3n de la Dra. Nadia BONANNO, que expuso el objetivo de la grafolog\u00eda: interceptar la individualidad, es decir, la personalidad \u00fanica y original de una escritura particular como si fuera la \u201chuella digital gr\u00e1fica\u201d propia de la individualidad del sujeto en su totalidad. A continuaci\u00f3n intervino la Dra. Chiara MISTRORIGO, que cit\u00f3 a Diderot: \u201cel gesto del hombre es una met\u00e1fora\u201d; como met\u00e1fora, la escritura tiene en s\u00ed misma la referencia que la vincula estrechamente a la persona, y muestra su personalidad, su ser concreto que se despliega en la vida cotidiana. El Dr. Vincenzo TARANTINO mostr\u00f3 el estudio de la neurociencia de la escritura y los instrumentos particulares que permiten la autentificaci\u00f3n de la escritura evitando cualquier falsificaci\u00f3n. El Dr. Carlo CACCIARI esboz\u00f3 la grafolog\u00eda pastoral mediante el estudio de las 12 pasiones impresas en el hombre y su correspondiente relaci\u00f3n con los 7 pecados capitales, culminando con el estudio de la escritura de los santos. La Dra. A. MILLEVOLTE explic\u00f3 la importancia de la grafolog\u00eda al servicio de los recursos humanos. Tras algunas preguntas formuladas a los ponentes por los oyentes, el acto finaliz\u00f3 en torno a las 6:00 pm.<br \/>\nLa Facultad quiere agradecer a los ponentes por su servicio y contribuci\u00f3n, y a todos los que asistieron y participaron en este importante evento.<\/p>\n<p style=\"text-align: right;\">Fray Salvatore M. ROBUSTELLI.<\/p>\nngg_shortcode_0_placeholder\n","protected":false},"excerpt":{"rendered":"<p>El s\u00e1bado 22 de mayo de 2021 a las 03:00 pm, en la Sala Sixto V del Colegio Internacional Seraphicum de Roma, ha tenido lugar el \u201cOpen Day\u201d de la escuela de grafolog\u00eda, presentada por el Decano de la Pontificia Facultad Teol\u00f3gica San Buenaventura Fray Raffaele DI MURO. La modalidad del encuentro ha sido d\u00faplice: [&hellip;]<\/p>\n","protected":false},"author":1,"featured_media":34860,"comment_status":"closed","ping_status":"open","sticky":false,"template":"","format":"standard","meta":{"ngg_post_thumbnail":0,"footnotes":""},"categories":[150,146],"tags":[2147,338],"class_list":["post-34864","post","type-post","status-publish","format-standard","has-post-thumbnail","category-noticias","category-ufficio-comunicazioni-es","tag-grafologia-es","tag-seraphicum-es"],"_links":{"self":[{"href":"https:\/\/www.ofmconv.net\/es\/wp-json\/wp\/v2\/posts\/34864","targetHints":{"allow":["GET"]}}],"collection":[{"href":"https:\/\/www.ofmconv.net\/es\/wp-json\/wp\/v2\/posts"}],"about":[{"href":"https:\/\/www.ofmconv.net\/es\/wp-json\/wp\/v2\/types\/post"}],"author":[{"embeddable":true,"href":"https:\/\/www.ofmconv.net\/es\/wp-json\/wp\/v2\/users\/1"}],"replies":[{"embeddable":true,"href":"https:\/\/www.ofmconv.net\/es\/wp-json\/wp\/v2\/comments?post=34864"}],"version-history":[{"count":0,"href":"https:\/\/www.ofmconv.net\/es\/wp-json\/wp\/v2\/posts\/34864\/revisions"}],"wp:featuredmedia":[{"embeddable":true,"href":"https:\/\/www.ofmconv.net\/es\/wp-json\/wp\/v2\/media\/34860"}],"wp:attachment":[{"href":"https:\/\/www.ofmconv.net\/es\/wp-json\/wp\/v2\/media?parent=34864"}],"wp:term":[{"taxonomy":"category","embeddable":true,"href":"https:\/\/www.ofmconv.net\/es\/wp-json\/wp\/v2\/categories?post=34864"},{"taxonomy":"post_tag","embeddable":true,"href":"https:\/\/www.ofmconv.net\/es\/wp-json\/wp\/v2\/tags?post=34864"}],"curies":[{"name":"wp","href":"https:\/\/api.w.org\/{rel}","templated":true}]}}