{"id":35923,"date":"2021-06-25T19:50:59","date_gmt":"2021-06-25T17:50:59","guid":{"rendered":"https:\/\/ofmconv.net\/seraphicum-festa-di-fine-anno-accademico\/"},"modified":"2021-06-25T19:55:10","modified_gmt":"2021-06-25T17:55:10","slug":"seraphicum-festa-di-fine-anno-accademico","status":"publish","type":"post","link":"https:\/\/www.ofmconv.net\/es\/seraphicum-festa-di-fine-anno-accademico\/","title":{"rendered":"Seraphicum: fiesta de fin de curso"},"content":{"rendered":"<p><strong>Tras las limitaciones impuestas por la pandemia, la Pontificia Facultado Teol\u00f3gica \u201cSan Buenaventura\u201d pudo gustar nuevamente una prudente normalidad, reviviendo la tradicional fiesta de fin de curso, celebrada el mi\u00e9rcoles 23 de junio de 2021 en el jard\u00edn del Seraphicum de Roma. Fue una ocasi\u00f3n para agradecer y compartir al final de un a\u00f1o de estudios caracterizado en gran medida por la formaci\u00f3n did\u00e1ctica a distancia.<\/strong><\/p>\n<p>La tarde de acci\u00f3n de gracias se abri\u00f3 con la celebraci\u00f3n de la Santa Misa presidida por Mons. Dario GERVASI, Obispo auxiliar para el sector Sur de Roma, con la presencia del Arzobispo de Teher\u00e1n-Isfah\u00e1n Mons. Dominique Joseph MATHIEU OFMConv, el Vicario general y Vicerrector de la Facultad Fray Jan MACIEJOWSKI y el Decano Fray Raffaele DI MURO.<br \/>\nMons. GERVASI, refiri\u00e9ndose al cambio de \u00e9poca que estamos viviendo a causa de la desertificaci\u00f3n espiritual, se\u00f1al\u00f3 que hay signos alentadores de crecimiento. Entre los muchos \u00e1mbitos que atraviesan dificultades est\u00e1 tambi\u00e9n el de la cultura, que a menudo lucha por encontrar el camino de la verdad. \u201cUstedes aqu\u00ed estudian filosof\u00eda, teolog\u00eda, grafolog\u00eda -dijo el Obispo dirigi\u00e9ndose a los estudiantes-, aqu\u00ed estudian ustedes a la luz de la Sabidur\u00eda y todo lo que hacen es uno de esos brotes fundamentales para el futuro, para que puedan iluminar la cultura con la teolog\u00eda cristiana y con la luz del Evangelio\u201d.<br \/>\nRefiri\u00e9ndose a la \u00e9poca de transici\u00f3n que estamos viviendo, Mons. GERVASI record\u00f3 c\u00f3mo \u201cDios prepar\u00f3 la historia de la salvaci\u00f3n a trav\u00e9s de los hombres, no tanto a trav\u00e9s de las estructuras\u201d, aunque subray\u00f3 c\u00f3mo el Papa Francisco est\u00e1 echando mano a la reorganizaci\u00f3n de estas estructuras, sirvi\u00e9ndose de muchos hermanos conventuales que, en los \u00faltimos meses, han sido llamados a importantes funciones de servicio en el Vaticano y en la Iglesia universal.<br \/>\nLa conclusi\u00f3n del curso acad\u00e9mico fue tambi\u00e9n la ocasi\u00f3n para expresar el agradecimiento, mediante una placa, a los profesores que dejan la ense\u00f1anza por razones de edad: Oreste BAZZICHI, Fray Felice FIASCONARO, Fray Orlando TODISCO, Rita TORTI y Fray Franciszek TARGO\u0143SKI.<br \/>\nSeg\u00fan la tradici\u00f3n, tambi\u00e9n se premi\u00f3 a los estudiantes que obtuvieron el grado acad\u00e9mico de Bachiller en la sesi\u00f3n de junio: Fray Jijo Antony BHARANIKULANGARA, Fray Daniel Enrique BUSTAMANTE GUERRERO, Berardina FORZINETTI, Fray Naveen Thomas KANDATHIL, Giuseppe MAIORANO, Danilo MALGUZZI y Fray Salvatore M. ROBUSTELLI, junto con los que obtuvieron la Licenciatura en Teolog\u00eda: Antonella RISOLI y Francesco CASAGRANDE.<br \/>\n\u201cEl a\u00f1o acad\u00e9mico que termina -coment\u00f3 Fray Raffaele DI MURO- ha sido muy dif\u00edcil debido a la pandemia y sus consecuencias. Sin embargo, la paciencia y abnegaci\u00f3n de los profesores, alumnos y colaboradores ha sido decisiva para llegar al final del curso con buenos resultados. Por ejemplo, la consecuci\u00f3n de t\u00edtulos acad\u00e9micos por parte de nuestros alumnos es fuente de especial satisfacci\u00f3n, ya que la sinergia con los profesores y la interacci\u00f3n con las innovadoras herramientas did\u00e1cticas se han aprovechado al m\u00e1ximo. Ahora es importante que la Facultad vuelva a partir de estos datos reconfortantes para crecer desde todos los puntos de vista\u201d.<\/p>\n<p style=\"text-align: right;\">Elisabetta LO IACONO, Oficina de prensa Seraphium.<\/p>\nngg_shortcode_0_placeholder\n","protected":false},"excerpt":{"rendered":"<p>Tras las limitaciones impuestas por la pandemia, la Pontificia Facultado Teol\u00f3gica \u201cSan Buenaventura\u201d pudo gustar nuevamente una prudente normalidad, reviviendo la tradicional fiesta de fin de curso, celebrada el mi\u00e9rcoles 23 de junio de 2021 en el jard\u00edn del Seraphicum de Roma. Fue una ocasi\u00f3n para agradecer y compartir al final de un a\u00f1o de [&hellip;]<\/p>\n","protected":false},"author":1,"featured_media":35919,"comment_status":"closed","ping_status":"open","sticky":false,"template":"","format":"standard","meta":{"ngg_post_thumbnail":0,"footnotes":""},"categories":[150,146],"tags":[1725,338],"class_list":["post-35923","post","type-post","status-publish","format-standard","has-post-thumbnail","category-noticias","category-ufficio-comunicazioni-es","tag-seraphicum-2-es","tag-seraphicum-es"],"_links":{"self":[{"href":"https:\/\/www.ofmconv.net\/es\/wp-json\/wp\/v2\/posts\/35923","targetHints":{"allow":["GET"]}}],"collection":[{"href":"https:\/\/www.ofmconv.net\/es\/wp-json\/wp\/v2\/posts"}],"about":[{"href":"https:\/\/www.ofmconv.net\/es\/wp-json\/wp\/v2\/types\/post"}],"author":[{"embeddable":true,"href":"https:\/\/www.ofmconv.net\/es\/wp-json\/wp\/v2\/users\/1"}],"replies":[{"embeddable":true,"href":"https:\/\/www.ofmconv.net\/es\/wp-json\/wp\/v2\/comments?post=35923"}],"version-history":[{"count":0,"href":"https:\/\/www.ofmconv.net\/es\/wp-json\/wp\/v2\/posts\/35923\/revisions"}],"wp:featuredmedia":[{"embeddable":true,"href":"https:\/\/www.ofmconv.net\/es\/wp-json\/wp\/v2\/media\/35919"}],"wp:attachment":[{"href":"https:\/\/www.ofmconv.net\/es\/wp-json\/wp\/v2\/media?parent=35923"}],"wp:term":[{"taxonomy":"category","embeddable":true,"href":"https:\/\/www.ofmconv.net\/es\/wp-json\/wp\/v2\/categories?post=35923"},{"taxonomy":"post_tag","embeddable":true,"href":"https:\/\/www.ofmconv.net\/es\/wp-json\/wp\/v2\/tags?post=35923"}],"curies":[{"name":"wp","href":"https:\/\/api.w.org\/{rel}","templated":true}]}}