{"id":35994,"date":"2021-06-29T20:54:21","date_gmt":"2021-06-29T18:54:21","guid":{"rendered":"https:\/\/ofmconv.net\/roma-la-parrocchia-dei-santi-xii-apostoli-accoglie-il-nuovo-parroco\/"},"modified":"2021-06-29T20:57:58","modified_gmt":"2021-06-29T18:57:58","slug":"roma-la-parrocchia-dei-santi-xii-apostoli-accoglie-il-nuovo-parroco","status":"publish","type":"post","link":"https:\/\/www.ofmconv.net\/es\/roma-la-parrocchia-dei-santi-xii-apostoli-accoglie-il-nuovo-parroco\/","title":{"rendered":"Roma: la Parroquia de los Santos XII Ap\u00f3stoles acoge al nuevo P\u00e1rroco"},"content":{"rendered":"<p><strong>El domingo 27 de junio de 2021, los fieles y los numerosos sacerdotes concelebrantes dieron solemnemente la bienvenida al nuevo p\u00e1rroco de los Santos XII Ap\u00f3stoles en Roma: Fray Francesco CELESTINO, Guardi\u00e1n de la misma comunidad que alberga la Curia general.<\/strong><\/p>\n<p>La Celebraci\u00f3n Eucar\u00edstica, presidida por Mons. Daniele LIBANORI (SJ), Obispo auxiliar para el sector Roma-centro, cont\u00f3 con la distinguida presencia del Card. Fray Mauro GAMBETTI, de los hermanos Obispos Mons. Dominique J. MATHIEU, Mons. C\u00e9sar ESSAYAN y Mons. Gianfranco GIROTTI, junto con otros sacerdotes, religiosos y religiosas de Roma y Calabria, lugar de origen de Fray Francesco.<br \/>\nAl comienzo de la celebraci\u00f3n, el Vicario general Fray Jan MACIEJOWSKI, ofreci\u00f3 un saludo en nombre del Ministro general Fray Carlos A. TROVARELLI y de toda la fraternidad.<br \/>\nEn las palabras de Mons. LIBANORI durante su homil\u00eda, se subrayaron las caracter\u00edsticas de la labor pastoral del P\u00e1rroco, que es responsable, entre otras cosas, de ser una \u201cpresencia amiga para que todos experimenten la cercan\u00eda del Se\u00f1or\u201d. Su car\u00e1cter afectuoso y acogedor mostrar\u00e1 su capacidad de dar vida, comunicar esperanza y comuni\u00f3n, destruyendo todas las barreras.<br \/>\nDos gestos caracterizaron la liturgia: la aspersi\u00f3n del agua bendita sobre el pueblo y el rito de la toma de posesi\u00f3n de la sede presidencial, desde donde Fray Francesco, invitado por el Obispo, dirigi\u00f3 a los fieles sus primeras palabras como p\u00e1rroco, llenas de gratitud y alegr\u00eda. Su agradecimiento expres\u00f3, con palabras directas y sencillas, lo importante que es para \u00e9l mismo aceptar este nuevo servicio y prepararse para desempe\u00f1arlo con esp\u00edritu de fraternidad.<br \/>\nExpresamos nuestro deseo de que Fray Francesco pueda cumplir su mandato manteniendo vivo el testimonio de vida franciscana, haciendo crecer la dimensi\u00f3n apost\u00f3lica y misionera en la Bas\u00edlica -que alberga la memoria de los Ap\u00f3stoles Felipe y Santiago-, hacia todos los que esperan conocer la Palabra de salvaci\u00f3n.<\/p>\n<p style=\"text-align: right;\">Fray Silvano BIANCO.<\/p>\nngg_shortcode_0_placeholder\n","protected":false},"excerpt":{"rendered":"<p>El domingo 27 de junio de 2021, los fieles y los numerosos sacerdotes concelebrantes dieron solemnemente la bienvenida al nuevo p\u00e1rroco de los Santos XII Ap\u00f3stoles en Roma: Fray Francesco CELESTINO, Guardi\u00e1n de la misma comunidad que alberga la Curia general. La Celebraci\u00f3n Eucar\u00edstica, presidida por Mons. Daniele LIBANORI (SJ), Obispo auxiliar para el sector [&hellip;]<\/p>\n","protected":false},"author":1,"featured_media":35990,"comment_status":"closed","ping_status":"open","sticky":false,"template":"","format":"standard","meta":{"ngg_post_thumbnail":0,"footnotes":""},"categories":[150,146],"tags":[1893,1932],"class_list":["post-35994","post","type-post","status-publish","format-standard","has-post-thumbnail","category-noticias","category-ufficio-comunicazioni-es","tag-santi-xii-apostoli-es","tag-santos-xii-apostoles"],"_links":{"self":[{"href":"https:\/\/www.ofmconv.net\/es\/wp-json\/wp\/v2\/posts\/35994","targetHints":{"allow":["GET"]}}],"collection":[{"href":"https:\/\/www.ofmconv.net\/es\/wp-json\/wp\/v2\/posts"}],"about":[{"href":"https:\/\/www.ofmconv.net\/es\/wp-json\/wp\/v2\/types\/post"}],"author":[{"embeddable":true,"href":"https:\/\/www.ofmconv.net\/es\/wp-json\/wp\/v2\/users\/1"}],"replies":[{"embeddable":true,"href":"https:\/\/www.ofmconv.net\/es\/wp-json\/wp\/v2\/comments?post=35994"}],"version-history":[{"count":0,"href":"https:\/\/www.ofmconv.net\/es\/wp-json\/wp\/v2\/posts\/35994\/revisions"}],"wp:featuredmedia":[{"embeddable":true,"href":"https:\/\/www.ofmconv.net\/es\/wp-json\/wp\/v2\/media\/35990"}],"wp:attachment":[{"href":"https:\/\/www.ofmconv.net\/es\/wp-json\/wp\/v2\/media?parent=35994"}],"wp:term":[{"taxonomy":"category","embeddable":true,"href":"https:\/\/www.ofmconv.net\/es\/wp-json\/wp\/v2\/categories?post=35994"},{"taxonomy":"post_tag","embeddable":true,"href":"https:\/\/www.ofmconv.net\/es\/wp-json\/wp\/v2\/tags?post=35994"}],"curies":[{"name":"wp","href":"https:\/\/api.w.org\/{rel}","templated":true}]}}