{"id":37195,"date":"2021-08-20T05:43:17","date_gmt":"2021-08-20T03:43:17","guid":{"rendered":"https:\/\/ofmconv.net\/malta-notizie-dalla-formazione\/"},"modified":"2021-08-20T05:47:56","modified_gmt":"2021-08-20T03:47:56","slug":"malta-notizie-dalla-formazione","status":"publish","type":"post","link":"https:\/\/www.ofmconv.net\/es\/malta-notizie-dalla-formazione\/","title":{"rendered":"Malta: noticias de la formaci\u00f3n"},"content":{"rendered":"<p><strong>Agradecidos con el Se\u00f1or que nos da hermanos, la Provincia de San Pablo Ap\u00f3stol en Malta vivi\u00f3 dos momentos realmente significativos y alegres para la vida y camino de la Jurisdicci\u00f3n.<\/strong><\/p>\n<p>El lunes 26 de julio de 2021, despu\u00e9s del a\u00f1o de noviciado transcurrido en el Sacro Convento de As\u00eds, Fray Mauro ZAMMIT, de 22 a\u00f1os, hizo su profesi\u00f3n temporal en manos del Ministro provincial Fray Colin Charles SAMMUT, en la iglesia del Inmaculado Coraz\u00f3n de Mar\u00eda en Burmarrad &#8211; Malta. Fray Mauro continuar\u00e1 su formaci\u00f3n en el Post-Noviciado del Convento de San Antonio Doctor en Padua-Italia.<br \/>\nEl lunes 2 de agosto de 2021, fiesta de Santa Mar\u00eda de los \u00c1ngeles, los hermanos de la Provincia de Malta se reunieron una vez m\u00e1s en la parroquia de Burmarrad, para celebrar la Ordenaci\u00f3n diaconal de Fray Robert CALLEJA, presidida por Mons. Charles Jude SCICLUNA, Arzobispo Metropolitano de Malta.<br \/>\nAcompa\u00f1emos a estos hermanos con nuestras oraciones para que nuestro Padre Dios les conceda siempre su gracia y respondan siempre a su vocaci\u00f3n con todo el coraz\u00f3n.<\/p>\n<p style=\"text-align: right;\">Fray Christian Anthony M. BORG Secretario provincial<\/p>\nngg_shortcode_0_placeholder\n","protected":false},"excerpt":{"rendered":"<p>Agradecidos con el Se\u00f1or que nos da hermanos, la Provincia de San Pablo Ap\u00f3stol en Malta vivi\u00f3 dos momentos realmente significativos y alegres para la vida y camino de la Jurisdicci\u00f3n. El lunes 26 de julio de 2021, despu\u00e9s del a\u00f1o de noviciado transcurrido en el Sacro Convento de As\u00eds, Fray Mauro ZAMMIT, de 22 [&hellip;]<\/p>\n","protected":false},"author":1,"featured_media":37190,"comment_status":"closed","ping_status":"open","sticky":false,"template":"","format":"standard","meta":{"ngg_post_thumbnail":0,"footnotes":""},"categories":[133,116,150],"tags":[1164,1004,1228],"class_list":["post-37195","post","type-post","status-publish","format-standard","has-post-thumbnail","category-federaciones","category-fimp-es","category-noticias","tag-malta-es","tag-ordenacion-diaconal","tag-profesion-temporal"],"_links":{"self":[{"href":"https:\/\/www.ofmconv.net\/es\/wp-json\/wp\/v2\/posts\/37195","targetHints":{"allow":["GET"]}}],"collection":[{"href":"https:\/\/www.ofmconv.net\/es\/wp-json\/wp\/v2\/posts"}],"about":[{"href":"https:\/\/www.ofmconv.net\/es\/wp-json\/wp\/v2\/types\/post"}],"author":[{"embeddable":true,"href":"https:\/\/www.ofmconv.net\/es\/wp-json\/wp\/v2\/users\/1"}],"replies":[{"embeddable":true,"href":"https:\/\/www.ofmconv.net\/es\/wp-json\/wp\/v2\/comments?post=37195"}],"version-history":[{"count":0,"href":"https:\/\/www.ofmconv.net\/es\/wp-json\/wp\/v2\/posts\/37195\/revisions"}],"wp:featuredmedia":[{"embeddable":true,"href":"https:\/\/www.ofmconv.net\/es\/wp-json\/wp\/v2\/media\/37190"}],"wp:attachment":[{"href":"https:\/\/www.ofmconv.net\/es\/wp-json\/wp\/v2\/media?parent=37195"}],"wp:term":[{"taxonomy":"category","embeddable":true,"href":"https:\/\/www.ofmconv.net\/es\/wp-json\/wp\/v2\/categories?post=37195"},{"taxonomy":"post_tag","embeddable":true,"href":"https:\/\/www.ofmconv.net\/es\/wp-json\/wp\/v2\/tags?post=37195"}],"curies":[{"name":"wp","href":"https:\/\/api.w.org\/{rel}","templated":true}]}}