{"id":37780,"date":"2021-09-01T20:25:52","date_gmt":"2021-09-01T18:25:52","guid":{"rendered":"https:\/\/ofmconv.net\/conclusa-la-missione-estiva-sulle-sponde-del-tevere\/"},"modified":"2021-09-01T20:31:47","modified_gmt":"2021-09-01T18:31:47","slug":"conclusa-la-missione-estiva-sulle-sponde-del-tevere","status":"publish","type":"post","link":"https:\/\/www.ofmconv.net\/es\/conclusa-la-missione-estiva-sulle-sponde-del-tevere\/","title":{"rendered":"Conclusi\u00f3n de la misi\u00f3n de verano a orillas del T\u00edber"},"content":{"rendered":"<p><strong>Del 20 de junio al 29 de agosto de 2021, el Centro Misionero Franciscano de la FIMP (Federazione Intermediterranea Ministri Provinciali), vivi\u00f3 por s\u00e9ptimo a\u00f1o la experiencia misionera de verano a orillas del T\u00edber.<\/strong><\/p>\n<p>El evento de este a\u00f1o, denominado \u201cA lo largo del T\u00edber Roma &#8211; un r\u00edo de cultura\u201d, debido al Covid se celebr\u00f3 de forma reducida, pero no falt\u00f3 la afluencia de gente que bajara a orillas del r\u00edo cada tarde, para disfrutar del encantador paisaje entre los gigantescos muros del r\u00edo, entre mil luces y colores y tambi\u00e9n para vivir momentos de sano esparcimiento con propuestas culturales, art\u00edsticas y religiosas.<br \/>\nDurante las setenta veladas, los hermanos, presentes cada noche en el stand situado en el centro de los dos kil\u00f3metros de espacio expositivo, entre restaurantes y tiendas, vivieron los distintos eventos con su propia propuesta evang\u00e9lica de anuncio entre la gente que flu\u00eda en silencio, buscando algo que hiciera m\u00e1s agradable sus vacaciones durante la \u201cmovida de verano\u201d. Muchos encuentros, an\u00e9cdotas, di\u00e1logos e historias de vida vividas para brindar una palabra de consuelo, as\u00ed como cercan\u00eda y testimonio franciscano. Ciertamente, la secularidad del lugar y la presencia de los hermanos en h\u00e1bito se convirtieron en una importante oportunidad para entablar un di\u00e1logo y una discusi\u00f3n, a veces sana y liberadora, por las muchas cuestiones que se propon\u00edan. Entre los diversos intereses de la gente hubo varias solicitudes de adopci\u00f3n a distancia, algunas donaciones y sobre todo la pregunta, en este tiempo de pandemia, sobre el estado de salud de los ni\u00f1os que son atendidos por los Conventuales en las escuelas, hospitales y comedores misioneros.<br \/>\nDurante los dos meses se vivieron diversos momentos importantes: la presentaci\u00f3n del libro \u201c<em>Frate Movida<\/em> \u2013 Misi\u00f3n posible a orillas del T\u00edber\u201d, escrito por el Director del Centro Fray Paolo FIASCONARO; las visitas del Ministro general Fray Carlos A. TROVARELLI, del Asistente general FIMP Fray Giovanni VOLTAN, del Ministro de la Provincia Italiana de San Francisco de As\u00eds (Italia central) Fray Francesco LENTI y de numerosos hermanos de las casas generalicias romanas. Un acontecimiento importante tuvo lugar el 25 de julio, cuando Nuestra Se\u00f1ora \u201cdel R\u00edo\u201d fue recibida frente al stand misionero en presencia del Cardenal Vicario Angelo DE DONATIS, la Alcaldesa de Roma Virginia RAGGI y miles de devotos de la Virgen \u201c<em>de Noantri<\/em>\u201d (Nuestra).<br \/>\nLa presencia de los hermanos en los muelles suscit\u00f3 un gran inter\u00e9s en los medios de comunicaci\u00f3n y en las redes sociales, con reportajes en prensa y televisi\u00f3n, y tambi\u00e9n con motivo de la presentaci\u00f3n del libro \u201cFrate Movida\u201d en los peri\u00f3dicos: <em>Avvenire, Corriere della Sera, Reppublica, Messaggero, Rai, TV2000<\/em> y una veintena de rese\u00f1as en diversas redes sociales.<\/p>\n<p>Video \u201cMisi\u00f3n posible a orillas del T\u00edber\u201d en el canal de YouTube \u201cMisiones OFMConv\u201d <a href=\"https:\/\/youtu.be\/GqzRTFLnnFc\">https:\/\/youtu.be\/GqzRTFLnnFc<\/a><\/p>\n<p style=\"text-align: right;\">Lorenza CASSANELLI, Segretaria del Centro Misionero<\/p>\nngg_shortcode_0_placeholder\n","protected":false},"excerpt":{"rendered":"<p>Del 20 de junio al 29 de agosto de 2021, el Centro Misionero Franciscano de la FIMP (Federazione Intermediterranea Ministri Provinciali), vivi\u00f3 por s\u00e9ptimo a\u00f1o la experiencia misionera de verano a orillas del T\u00edber. El evento de este a\u00f1o, denominado \u201cA lo largo del T\u00edber Roma &#8211; un r\u00edo de cultura\u201d, debido al Covid se [&hellip;]<\/p>\n","protected":false},"author":1,"featured_media":37776,"comment_status":"closed","ping_status":"open","sticky":false,"template":"","format":"standard","meta":{"ngg_post_thumbnail":0,"footnotes":""},"categories":[150,146],"tags":[817,941],"class_list":["post-37780","post","type-post","status-publish","format-standard","has-post-thumbnail","category-noticias","category-ufficio-comunicazioni-es","tag-centro-misionero","tag-roma-es"],"_links":{"self":[{"href":"https:\/\/www.ofmconv.net\/es\/wp-json\/wp\/v2\/posts\/37780","targetHints":{"allow":["GET"]}}],"collection":[{"href":"https:\/\/www.ofmconv.net\/es\/wp-json\/wp\/v2\/posts"}],"about":[{"href":"https:\/\/www.ofmconv.net\/es\/wp-json\/wp\/v2\/types\/post"}],"author":[{"embeddable":true,"href":"https:\/\/www.ofmconv.net\/es\/wp-json\/wp\/v2\/users\/1"}],"replies":[{"embeddable":true,"href":"https:\/\/www.ofmconv.net\/es\/wp-json\/wp\/v2\/comments?post=37780"}],"version-history":[{"count":0,"href":"https:\/\/www.ofmconv.net\/es\/wp-json\/wp\/v2\/posts\/37780\/revisions"}],"wp:featuredmedia":[{"embeddable":true,"href":"https:\/\/www.ofmconv.net\/es\/wp-json\/wp\/v2\/media\/37776"}],"wp:attachment":[{"href":"https:\/\/www.ofmconv.net\/es\/wp-json\/wp\/v2\/media?parent=37780"}],"wp:term":[{"taxonomy":"category","embeddable":true,"href":"https:\/\/www.ofmconv.net\/es\/wp-json\/wp\/v2\/categories?post=37780"},{"taxonomy":"post_tag","embeddable":true,"href":"https:\/\/www.ofmconv.net\/es\/wp-json\/wp\/v2\/tags?post=37780"}],"curies":[{"name":"wp","href":"https:\/\/api.w.org\/{rel}","templated":true}]}}