{"id":38241,"date":"2021-09-17T07:39:39","date_gmt":"2021-09-17T05:39:39","guid":{"rendered":"https:\/\/ofmconv.net\/ponferrada-giubileo-di-santiago-di-compostela\/"},"modified":"2021-09-17T07:47:50","modified_gmt":"2021-09-17T05:47:50","slug":"ponferrada-giubileo-di-santiago-di-compostela","status":"publish","type":"post","link":"https:\/\/www.ofmconv.net\/es\/ponferrada-giubileo-di-santiago-di-compostela\/","title":{"rendered":"Ponferrada: Jubileo de Santiago de Compostela"},"content":{"rendered":"<p><strong>Este verano se cumplen doce a\u00f1os de nuestra presencia estival en Ponferrada (Espa\u00f1a), como fraternidad de menores conventuales de la FIMP (Federazione Intermediterranea Ministri Provinciali).<\/strong><\/p>\n<p>La aportaci\u00f3n humilde de presencia eclesial, que en 2007 nos sentimos llamados a dar, ante la inminencia del A\u00f1o Santo del 2010, y amonestados por la cr\u00edtica repetida y lapidaria de la ausencia de \u201ctestigos compa\u00f1antes de la fe\u201d a lo largo del Camino, ha tenido distintas etapas, y la \u00faltima tiene que ver con la disminuci\u00f3n num\u00e9rica de peregrinos en el Camino, y tambi\u00e9n de frailes de otras Provincias en nuestro proyecto interprovincial, a causa del COVID\u201919. Alemania, Padua y Espa\u00f1a fueron las pioneras, pero han participado en estos a\u00f1os otras muchas de toda la Orden. En el momento presente la misi\u00f3n se ha consolidado, sabemos qu\u00e9 da de s\u00ed el ambiente, el estilo que se ha ido estableciendo, y el contexto eclesial que nos sostiene; la Provincia de Nuestra Se\u00f1ora de Montserrat de Espa\u00f1a se ha quedado sola en el mantener fielmente esta misi\u00f3n, que no dudo en calificar de evangelizadora. Viajar se ha vuelto totalmente incierto para cuantos antes ven\u00edan, compart\u00edan, y enriquec\u00edan la prolongaci\u00f3n y el descubrimiento de un hilo conductor multisecular: <em>la Orden de los menores se consolid\u00f3 en la Europa Medieval, en buena parte, en las rutas de peregrinaci\u00f3n jacobeas<\/em> (Fray Jos\u00e9 GARC\u00cdA ORO OFM, historiador gallego).<br \/>\nAunque el Camino Jacobeo no deja indiferente a nadie que se acerque a \u00e9l desde las m\u00e1s distintas motivaciones, los cambios han sido muchos en estos a\u00f1os, y nos piden ir m\u00e1s all\u00e1, dar un paso adelante, para no acomodarnos en repeticiones autocomplacientes, prisioneras de la inercia, que nada tiene que ver con la vitalidad e itinerancia (\u201clevadura\u201d), del Evangelio. La ACC (Acogida Cristiana en el Camino de Santiago), est\u00e1 haciendo una apuesta de confesionalidad de los centros de acogida, con una propuesta de \u201crefugio cristiano\u201d donde se explicita y descansa la fatiga y el gozo de la fe, frente a los \u201calbergues\u201d municipales o privados, que buscan el servicio al peregrino, y en el segundo caso tambi\u00e9n una ganancia econ\u00f3mica. La cuesti\u00f3n que va tomando forma entre nosotros es, si una fraternidad interprovincial permanente, inserta en este contexto confesional, rural e itinerante, ser\u00eda un signo de Nueva Evangelizaci\u00f3n, y de regeneraci\u00f3n del franciscanismo, porque entiendo que dif\u00edcilmente podr\u00edamos llegar a poner en marcha fraternidades interobedienciales si no comenzamos por experiencias interprovinciales, o dicho de otro modo, internacionales, de las que ya existen bastantes en la Orden, particularmente en Europa.<br \/>\n\u00bfEsto son s\u00f3lo cosas de frailes?, no lo creo; los hospitaleros son un elemento valios\u00edsimo del Camino, no s\u00f3lo por su fuerza de trabajo gratuito y desinteresado, sino porque cuando viven una espiritualidad \u201citinerante\u201d y de servicio, pueden integrarse en un proyecto compartido: \u201csin mezcla ni divisi\u00f3n\u201d, sino en la comuni\u00f3n, y temporalmente, como ya sucede. En las nuevas encrucijadas pastorales a las que estamos llamados a salir para andar el camino de la vida con los nuestros, la pluralidad de las vocaciones es indispensable para que el mosaico completo refleje la belleza de la vocaci\u00f3n cristiana, y sea llamativa transmitiendo lo que pretende. Pensar proyectos en solitario es ya pasado, nuestra situaci\u00f3n eclesial en Europa no da para escapadas en solitario.<br \/>\nHasta 2022 estaremos gozando del Jubileo Jacobeo (el primer privilegio Jacobeo concedido por Calixto II fue en 1122), estamos felices de poderlo gozar metidos de hoz y coz en la colaboraci\u00f3n eclesial para que sea un tiempo de gracia para cuantos se abran a ella, contentos de no haber dejado la presencia en Ponferrada en estos a\u00f1os de dificultad; el sacrificio, si vivido por amor y en favor de los dem\u00e1s, es un signo evang\u00e9lico inequ\u00edvoco.<br \/>\nRecientemente, el \u00faltimo grupo de hermanos que ha hecho servicio all\u00ed este a\u00f1o, visitando a las clarisas de Villafranca del Bierzo, en cuya iglesia est\u00e1 enterrado S. Lorenzo de Brindis, se encontr\u00f3 all\u00ed mismo con el Ministro general de los Capuchinos, Fray Roberto GENUIN, y en la misma ma\u00f1ana con los menores de Galicia en O Cebreiro, donde fueron recibidos como verdaderos hermanos, \u00bfser\u00e1 tambi\u00e9n esta una casualidad, o un signo que podr\u00edamos valorar intuyendo algo m\u00e1s?; los grandes logros comienzan por pasos peque\u00f1os\u2026 \u201ccomo el grano de mostaza\u201d (Mt 17, 20). El jubileo producir\u00e1 su fruto, el que el Esp\u00edritu Santo quiera, nosotros estaremos atentos para percibir los signos de los tiempos con los que \u00c9l hoy nos quiera hablar, y poner de nuevo en camino.<br \/>\n\u201cSal de tu tierra, el Ap\u00f3stol te espera\u201d, reza el cartel oficial del Jubileo, y en el centro del mismo, la figura serena del Ap\u00f3stol, detalle del p\u00f3rtico de la gloria, nos acoge con una sonrisa a los que no nos rendimos y queremos seguir recorriendo caminos, porque a la saz\u00f3n, peregrinos somos.<\/p>\n<p style=\"text-align: right;\">Fray Joaqu\u00edn \u00c1ngel AGESTA CUEVAS.<\/p>\nngg_shortcode_0_placeholder\n","protected":false},"excerpt":{"rendered":"<p>Este verano se cumplen doce a\u00f1os de nuestra presencia estival en Ponferrada (Espa\u00f1a), como fraternidad de menores conventuales de la FIMP (Federazione Intermediterranea Ministri Provinciali). La aportaci\u00f3n humilde de presencia eclesial, que en 2007 nos sentimos llamados a dar, ante la inminencia del A\u00f1o Santo del 2010, y amonestados por la cr\u00edtica repetida y lapidaria [&hellip;]<\/p>\n","protected":false},"author":1,"featured_media":38237,"comment_status":"closed","ping_status":"open","sticky":false,"template":"","format":"standard","meta":{"ngg_post_thumbnail":0,"footnotes":""},"categories":[133,116,150],"tags":[901],"class_list":["post-38241","post","type-post","status-publish","format-standard","has-post-thumbnail","category-federaciones","category-fimp-es","tag-espana"],"_links":{"self":[{"href":"https:\/\/www.ofmconv.net\/es\/wp-json\/wp\/v2\/posts\/38241","targetHints":{"allow":["GET"]}}],"collection":[{"href":"https:\/\/www.ofmconv.net\/es\/wp-json\/wp\/v2\/posts"}],"about":[{"href":"https:\/\/www.ofmconv.net\/es\/wp-json\/wp\/v2\/types\/post"}],"author":[{"embeddable":true,"href":"https:\/\/www.ofmconv.net\/es\/wp-json\/wp\/v2\/users\/1"}],"replies":[{"embeddable":true,"href":"https:\/\/www.ofmconv.net\/es\/wp-json\/wp\/v2\/comments?post=38241"}],"version-history":[{"count":0,"href":"https:\/\/www.ofmconv.net\/es\/wp-json\/wp\/v2\/posts\/38241\/revisions"}],"wp:featuredmedia":[{"embeddable":true,"href":"https:\/\/www.ofmconv.net\/es\/wp-json\/wp\/v2\/media\/38237"}],"wp:attachment":[{"href":"https:\/\/www.ofmconv.net\/es\/wp-json\/wp\/v2\/media?parent=38241"}],"wp:term":[{"taxonomy":"category","embeddable":true,"href":"https:\/\/www.ofmconv.net\/es\/wp-json\/wp\/v2\/categories?post=38241"},{"taxonomy":"post_tag","embeddable":true,"href":"https:\/\/www.ofmconv.net\/es\/wp-json\/wp\/v2\/tags?post=38241"}],"curies":[{"name":"wp","href":"https:\/\/api.w.org\/{rel}","templated":true}]}}