{"id":38587,"date":"2021-09-27T15:33:26","date_gmt":"2021-09-27T13:33:26","guid":{"rendered":"https:\/\/ofmconv.net\/seraphicum-nuovo-anno-accademico-della-scuola-di-grafologia\/"},"modified":"2021-09-27T15:37:37","modified_gmt":"2021-09-27T13:37:37","slug":"seraphicum-nuovo-anno-accademico-della-scuola-di-grafologia","status":"publish","type":"post","link":"https:\/\/www.ofmconv.net\/es\/seraphicum-nuovo-anno-accademico-della-scuola-di-grafologia\/","title":{"rendered":"Seraphicum: nuevo a\u00f1o acad\u00e9mico de la escuela de grafolog\u00eda"},"content":{"rendered":"<p><strong>El 24 de septiembre de 2021, en la pontificia Facultad Teol\u00f3gica San Buenaventura &#8211; Seraphicum de Roma, en presencia de la Dra. Eleonora GAUDENZI Presidenta de la Asociaci\u00f3n Grafol\u00f3gica Italiana, de los docentes y de numerosos estudiantes, ha tenido inicio el a\u00f1o formativo de la escuela de grafolog\u00eda.<\/strong><\/p>\n<p>La misma Presidenta ha exhortado a la escuela a seguir por el camino que ha emprendido, un camino que tiende a la calidad y a la armon\u00eda con la asociaci\u00f3n. El Director, Fray Raffaele DI MURO, acept\u00f3 esta invitaci\u00f3n, garantizando el m\u00e1ximo compromiso en la b\u00fasqueda de los est\u00e1ndares cient\u00edficos y organizativos, en la estela del legado de nuestro hermano Fray Girolamo MORETTI.<br \/>\nFray Raffaele present\u00f3 los tres a\u00f1os del curso, las especialidades y el equipo de profesores. Se trata de un equipo muy unido, al que se han a\u00f1adido otros miembros cualificados. A continuaci\u00f3n, comenzaron las lecciones de cada a\u00f1o del curso. El entusiasmo y el optimismo eran evidentes en la actitud de todos. Por \u00faltimo, se present\u00f3 una placa que ser\u00e1 entregada al conocido conferenciante em\u00e9rito Franco TORBIDONI, en reconocimiento de su carrera.<\/p>\n<p style=\"text-align: right;\">Fray Raffaele DI MURO.<\/p>\nngg_shortcode_0_placeholder\n","protected":false},"excerpt":{"rendered":"<p>El 24 de septiembre de 2021, en la pontificia Facultad Teol\u00f3gica San Buenaventura &#8211; Seraphicum de Roma, en presencia de la Dra. Eleonora GAUDENZI Presidenta de la Asociaci\u00f3n Grafol\u00f3gica Italiana, de los docentes y de numerosos estudiantes, ha tenido inicio el a\u00f1o formativo de la escuela de grafolog\u00eda. La misma Presidenta ha exhortado a la [&hellip;]<\/p>\n","protected":false},"author":1,"featured_media":38583,"comment_status":"closed","ping_status":"open","sticky":false,"template":"","format":"standard","meta":{"ngg_post_thumbnail":0,"footnotes":""},"categories":[150,146],"tags":[2147,338],"class_list":["post-38587","post","type-post","status-publish","format-standard","has-post-thumbnail","category-noticias","category-ufficio-comunicazioni-es","tag-grafologia-es","tag-seraphicum-es"],"_links":{"self":[{"href":"https:\/\/www.ofmconv.net\/es\/wp-json\/wp\/v2\/posts\/38587","targetHints":{"allow":["GET"]}}],"collection":[{"href":"https:\/\/www.ofmconv.net\/es\/wp-json\/wp\/v2\/posts"}],"about":[{"href":"https:\/\/www.ofmconv.net\/es\/wp-json\/wp\/v2\/types\/post"}],"author":[{"embeddable":true,"href":"https:\/\/www.ofmconv.net\/es\/wp-json\/wp\/v2\/users\/1"}],"replies":[{"embeddable":true,"href":"https:\/\/www.ofmconv.net\/es\/wp-json\/wp\/v2\/comments?post=38587"}],"version-history":[{"count":0,"href":"https:\/\/www.ofmconv.net\/es\/wp-json\/wp\/v2\/posts\/38587\/revisions"}],"wp:featuredmedia":[{"embeddable":true,"href":"https:\/\/www.ofmconv.net\/es\/wp-json\/wp\/v2\/media\/38583"}],"wp:attachment":[{"href":"https:\/\/www.ofmconv.net\/es\/wp-json\/wp\/v2\/media?parent=38587"}],"wp:term":[{"taxonomy":"category","embeddable":true,"href":"https:\/\/www.ofmconv.net\/es\/wp-json\/wp\/v2\/categories?post=38587"},{"taxonomy":"post_tag","embeddable":true,"href":"https:\/\/www.ofmconv.net\/es\/wp-json\/wp\/v2\/tags?post=38587"}],"curies":[{"name":"wp","href":"https:\/\/api.w.org\/{rel}","templated":true}]}}