{"id":38642,"date":"2021-09-29T09:28:38","date_gmt":"2021-09-29T07:28:38","guid":{"rendered":"https:\/\/ofmconv.net\/spagna-capitolo-nazionale-elettivo-ofs\/"},"modified":"2021-09-29T09:33:21","modified_gmt":"2021-09-29T07:33:21","slug":"spagna-capitolo-nazionale-elettivo-ofs","status":"publish","type":"post","link":"https:\/\/www.ofmconv.net\/es\/spagna-capitolo-nazionale-elettivo-ofs\/","title":{"rendered":"Espa\u00f1a: Cap\u00edtulo nacional electivo de la OFS"},"content":{"rendered":"<p><strong>El Cap\u00edtulo electivo de la Fraternidad nacional OFS (Orden Franciscana Seglar) de Espa\u00f1a, se celebr\u00f3 del 10 al 12 de septiembre de 2021, en la Casa de Espiritualidad Camino de Cristo del Pardo &#8211; Madrid, de los Hermanos Menores Capuchinos.<\/strong><\/p>\n<p>El Consejo nacional hab\u00eda enviado con mucha antelaci\u00f3n todos los informes, incluido el de los Asistentes espirituales nacionales. La sesi\u00f3n electiva del Cap\u00edtulo, que tuvo lugar el s\u00e1bado 11, fue presidida por Attilio GALIMBERTI, miembro de la Presidencia del CIOFS (Consejo Internacional), delegado por Tibor KAUSER, Ministro general de la OFS. El Cap\u00edtulo cont\u00f3 con la presencia del Asistente general Fray Alfred PARAMBAKATHU OFMConv. Entre los 30 capitulares convocados, s\u00f3lo hubo una ausencia. Tambi\u00e9n estuvieron presentes los cuatro Asistentes nacionales y los dos Asistentes regionales.<br \/>\nAntonio \u00c1LVAREZ fue elegido Ministro nacional por segundo mandato consecutivo. Seg\u00fan los Estatutos nacionales de la OFS de Espa\u00f1a, el Ministro nacional es tambi\u00e9n Consejero Internacional. El nuevo Consejo nacional fue instalado durante la Santa Misa del domingo por la ma\u00f1ana, presidida por el Asistente nacional Fray Miguel de los Santos CAMPILLO BALLAR\u00cdN OFMConv; entre los concelebrantes estuvo Fray Alfred que dio la homil\u00eda y Fray Valent\u00edn REDONDO FUENTES OFMConv, presente en nombre del Ministro provincial OFMConv de Espa\u00f1a.<\/p>\n<p style=\"text-align: right;\">Fray Alfred PARAMBAKATHU, Asistente general OFS.<\/p>\nngg_shortcode_0_placeholder\n","protected":false},"excerpt":{"rendered":"<p>El Cap\u00edtulo electivo de la Fraternidad nacional OFS (Orden Franciscana Seglar) de Espa\u00f1a, se celebr\u00f3 del 10 al 12 de septiembre de 2021, en la Casa de Espiritualidad Camino de Cristo del Pardo &#8211; Madrid, de los Hermanos Menores Capuchinos. El Consejo nacional hab\u00eda enviado con mucha antelaci\u00f3n todos los informes, incluido el de los [&hellip;]<\/p>\n","protected":false},"author":1,"featured_media":38638,"comment_status":"closed","ping_status":"open","sticky":false,"template":"","format":"standard","meta":{"ngg_post_thumbnail":0,"footnotes":""},"categories":[139,150,136,126],"tags":[198,901],"class_list":["post-38642","post","type-post","status-publish","format-standard","has-post-thumbnail","category-la-familia-franciscana","category-noticias","category-oficinas-generales","category-ofs-es","tag-espana"],"_links":{"self":[{"href":"https:\/\/www.ofmconv.net\/es\/wp-json\/wp\/v2\/posts\/38642","targetHints":{"allow":["GET"]}}],"collection":[{"href":"https:\/\/www.ofmconv.net\/es\/wp-json\/wp\/v2\/posts"}],"about":[{"href":"https:\/\/www.ofmconv.net\/es\/wp-json\/wp\/v2\/types\/post"}],"author":[{"embeddable":true,"href":"https:\/\/www.ofmconv.net\/es\/wp-json\/wp\/v2\/users\/1"}],"replies":[{"embeddable":true,"href":"https:\/\/www.ofmconv.net\/es\/wp-json\/wp\/v2\/comments?post=38642"}],"version-history":[{"count":0,"href":"https:\/\/www.ofmconv.net\/es\/wp-json\/wp\/v2\/posts\/38642\/revisions"}],"wp:featuredmedia":[{"embeddable":true,"href":"https:\/\/www.ofmconv.net\/es\/wp-json\/wp\/v2\/media\/38638"}],"wp:attachment":[{"href":"https:\/\/www.ofmconv.net\/es\/wp-json\/wp\/v2\/media?parent=38642"}],"wp:term":[{"taxonomy":"category","embeddable":true,"href":"https:\/\/www.ofmconv.net\/es\/wp-json\/wp\/v2\/categories?post=38642"},{"taxonomy":"post_tag","embeddable":true,"href":"https:\/\/www.ofmconv.net\/es\/wp-json\/wp\/v2\/tags?post=38642"}],"curies":[{"name":"wp","href":"https:\/\/api.w.org\/{rel}","templated":true}]}}