{"id":39493,"date":"2021-10-21T07:20:00","date_gmt":"2021-10-21T05:20:00","guid":{"rendered":"https:\/\/ofmconv.net\/calabria-medaglia-al-merito-accademico-per-fra-rocco-predoti\/"},"modified":"2021-10-21T07:25:02","modified_gmt":"2021-10-21T05:25:02","slug":"calabria-medaglia-al-merito-accademico-per-fra-rocco-predoti","status":"publish","type":"post","link":"https:\/\/www.ofmconv.net\/es\/calabria-medaglia-al-merito-accademico-per-fra-rocco-predoti\/","title":{"rendered":"Calabria: Medalla al M\u00e9rito Acad\u00e9mico para Fray Rocco PREDOTI"},"content":{"rendered":"<p><strong>Fray Rocco PREDOTI, de la Custodia provincial de los Santos Daniel y Compa\u00f1eros M\u00e1rtires en Italia (Calabria), recibi\u00f3 el jueves 14 de octubre de 2021, en la Universidad Pontificia Salesiana de Roma, la Medalla al M\u00e9rito Acad\u00e9mico de manos del Gran Canciller P. \u00c1ngel Fern\u00e1ndez ARTIME, en presencia del Card. Mario GRECH Secretario general del S\u00ednodo de los Obispos, por haber obtenido su t\u00edtulo de Doctorado en el tiempo previsto con el voto m\u00e1ximo <em>Summa cum laude<\/em> (30\/30).<\/strong><\/p>\n<p>Su tesis doctoral en Teolog\u00eda Pastoral con especializaci\u00f3n en Catequ\u00e9tica, titulada \u201cPara entender la identidad del hombre digital \u2013 Antropolog\u00eda del lenguaje digital contempor\u00e1neo e implicaciones catequ\u00e9ticas\u201d, dirigida por el Prof. Salvatore CURR\u00d2, fue discutida en Roma el 21 de marzo de 2021. Fray Rocco obtuvo el Bachillerato en el Instituto Teol\u00f3gico de As\u00eds el 21 de junio de 2015 y la Licenciatura en Teolog\u00eda Catequ\u00e9tica en el Instituto Santo Tom\u00e1s de Mesina el 22 de junio de 2017.<br \/>\nActualmente es Guardi\u00e1n del Convento del Sagrado Coraz\u00f3n de Jes\u00fas en <em>Catanzaro Lido<\/em> (Calabria), y Definidor provincial de la Provincia de las Santas \u00c1gueda y Luc\u00eda en Italia (Sicilia). Animador de la pastoral juvenil y vocacional en Calabria, es profesor en el Instituto Teol\u00f3gico Calabr\u00e9s de Catanzaro en Catequesis y Teor\u00eda y Pr\u00e1ctica de la Comunicaci\u00f3n. Colabora como profesor en el Curso de Franciscanismo \u201cTras las huellas de Francisco y Clara\u201d en el Seraphicum de Roma.<\/p>\n<p style=\"text-align: right;\">Fray Giorgio TASSONE<\/p>\nngg_shortcode_0_placeholder\n","protected":false},"excerpt":{"rendered":"<p>Fray Rocco PREDOTI, de la Custodia provincial de los Santos Daniel y Compa\u00f1eros M\u00e1rtires en Italia (Calabria), recibi\u00f3 el jueves 14 de octubre de 2021, en la Universidad Pontificia Salesiana de Roma, la Medalla al M\u00e9rito Acad\u00e9mico de manos del Gran Canciller P. \u00c1ngel Fern\u00e1ndez ARTIME, en presencia del Card. Mario GRECH Secretario general del [&hellip;]<\/p>\n","protected":false},"author":1,"featured_media":39489,"comment_status":"closed","ping_status":"open","sticky":false,"template":"","format":"standard","meta":{"ngg_post_thumbnail":0,"footnotes":""},"categories":[133,116,150],"tags":[1597],"class_list":["post-39493","post","type-post","status-publish","format-standard","has-post-thumbnail","category-federaciones","category-fimp-es","category-noticias","tag-italia-calabria-es"],"_links":{"self":[{"href":"https:\/\/www.ofmconv.net\/es\/wp-json\/wp\/v2\/posts\/39493","targetHints":{"allow":["GET"]}}],"collection":[{"href":"https:\/\/www.ofmconv.net\/es\/wp-json\/wp\/v2\/posts"}],"about":[{"href":"https:\/\/www.ofmconv.net\/es\/wp-json\/wp\/v2\/types\/post"}],"author":[{"embeddable":true,"href":"https:\/\/www.ofmconv.net\/es\/wp-json\/wp\/v2\/users\/1"}],"replies":[{"embeddable":true,"href":"https:\/\/www.ofmconv.net\/es\/wp-json\/wp\/v2\/comments?post=39493"}],"version-history":[{"count":0,"href":"https:\/\/www.ofmconv.net\/es\/wp-json\/wp\/v2\/posts\/39493\/revisions"}],"wp:featuredmedia":[{"embeddable":true,"href":"https:\/\/www.ofmconv.net\/es\/wp-json\/wp\/v2\/media\/39489"}],"wp:attachment":[{"href":"https:\/\/www.ofmconv.net\/es\/wp-json\/wp\/v2\/media?parent=39493"}],"wp:term":[{"taxonomy":"category","embeddable":true,"href":"https:\/\/www.ofmconv.net\/es\/wp-json\/wp\/v2\/categories?post=39493"},{"taxonomy":"post_tag","embeddable":true,"href":"https:\/\/www.ofmconv.net\/es\/wp-json\/wp\/v2\/tags?post=39493"}],"curies":[{"name":"wp","href":"https:\/\/api.w.org\/{rel}","templated":true}]}}