{"id":39837,"date":"2021-10-29T17:52:57","date_gmt":"2021-10-29T15:52:57","guid":{"rendered":"https:\/\/ofmconv.net\/slovenia-celebrazione-della-giornata-missionaria-mondiale\/"},"modified":"2021-10-29T17:59:05","modified_gmt":"2021-10-29T15:59:05","slug":"slovenia-celebrazione-della-giornata-missionaria-mondiale","status":"publish","type":"post","link":"https:\/\/www.ofmconv.net\/es\/slovenia-celebrazione-della-giornata-missionaria-mondiale\/","title":{"rendered":"Eslovenia: celebraci\u00f3n de la Jornada Mundial de las Misiones"},"content":{"rendered":"<p><strong>El domingo 24 de octubre de 2021, la celebraci\u00f3n principal de la Jornada Mundial de las Misiones en Eslovenia tuvo lugar en la iglesia conventual y parroquial de San Vito en Videm pri Ptuju, bajo el patrocinio del Centro Misionero Esloveno.<\/strong><\/p>\n<p>A las 15:00 horas hubo una hora de oraci\u00f3n, seguida (a las 16:00) por la celebraci\u00f3n Eucar\u00edstica presidida por el Arzobispo de Maribor, el Metropolitano Mons. Alojzij CVIKL, asistido por el Vicario provincial de la Provincia de San Jos\u00e9 en Eslovenia, Fray Slavko STERM\u0160EK, y por el Director del Centro Misionero Esloveno, Sr. Matja\u017e KRI\u017dNAR. Un total de veintis\u00e9is sacerdotes participaron en la Misa y un buen n\u00famero de fieles. M\u00e1s fieles pudieron seguir la celebraci\u00f3n en directo por la televisi\u00f3n local (SIP TV).<br \/>\nLa Conferencia Episcopal de Eslovenia eligi\u00f3 Videm pri Ptuju como sede de las celebraciones en memoria del misionero conventual zambiano Fray Mihael (Miha) DREVEN\u0160EK, originario de esta parroquia y del que se conmemora el d\u00e9cimo aniversario de su muerte (29.10.2011). Fray Miha tambi\u00e9n fue elegido como personaje central de la celebraci\u00f3n del Domingo de las Misiones en Eslovenia 2021. Este acto marc\u00f3 el inicio del llamado \u201cA\u00f1o de Fray Miha\u201d, que finalizar\u00e1 el pr\u00f3ximo a\u00f1o. La conmemoraci\u00f3n principal, que deb\u00eda hacer a\u00fan m\u00e1s solemne la celebraci\u00f3n del Domingo de las Misiones, se aplaz\u00f3 hasta junio del a\u00f1o que viene, debido a la pandemia, y estaba prevista que tuviera lugar con motivo de la fiesta municipal de Videm pri Ptuju.<br \/>\nEn su discurso, el Arzobispo record\u00f3, entre otras cosas, el car\u00e1cter de Fray Miha, y destac\u00f3 su fe intr\u00e9pida y su duro trabajo. En efecto, adem\u00e1s de predicar el Evangelio fue fundador de una imprenta y director de un peri\u00f3dico, fundador de una emisora de radio cat\u00f3lica y, sobre todo, un hombre con el coraz\u00f3n todo entregado a los peque\u00f1os y a los pobres. La sonrisa de su rostro en las fotograf\u00edas muestra que viv\u00eda con alegr\u00eda aquello en lo que cre\u00eda, y lo transmit\u00eda a trav\u00e9s de sus predicaciones y cantos con la guitarra. De este modo, puso en pr\u00e1ctica las palabras de Pedro y Juan en los Hechos de los Ap\u00f3stoles: &#8220;Nosotros no podemos callar lo que hemos visto y o\u00eddo&#8221; (Hch. 4,20), elegidas por el Papa Francisco como t\u00edtulo del mensaje de este a\u00f1o para la Jornada Mundial de las Misiones.<br \/>\nAl final de la Misa, el Arzobispo bendijo mil de los llamados \u201cgorros verdes de Fray Miha\u201d, donados al Centro Misionero Esloveno por el Ayuntamiento de Videm. El alcalde Branko MARINI\u010c entreg\u00f3 personalmente uno de ellos a cada sacerdote presente. El resto de los gorros (tipo boonie) estar\u00e1n a disposici\u00f3n de todos aquellos que deseen hacer un donativo, mismo que se destinar\u00e1 a los misioneros eslovenos en el mundo.<br \/>\nEn esta ocasi\u00f3n, el Centro Misionero Esloveno ha publicado un nuevo libro sobre Fray Miha DREVEN\u0160EK, \u201cDale\u010d naprej je tekel\u201d (Corri\u00f3 muy adelante), de la pluma de Fray Janez \u0160AMPERL. Lo que se recaude de la venta de este libro ser\u00e1 donado a proyectos misioneros.<\/p>\n<p style=\"text-align: right;\">Fray Danilo HOLC Secretario provincial<\/p>\nngg_shortcode_0_placeholder\n","protected":false},"excerpt":{"rendered":"<p>El domingo 24 de octubre de 2021, la celebraci\u00f3n principal de la Jornada Mundial de las Misiones en Eslovenia tuvo lugar en la iglesia conventual y parroquial de San Vito en Videm pri Ptuju, bajo el patrocinio del Centro Misionero Esloveno. A las 15:00 horas hubo una hora de oraci\u00f3n, seguida (a las 16:00) por [&hellip;]<\/p>\n","protected":false},"author":1,"featured_media":39833,"comment_status":"closed","ping_status":"open","sticky":false,"template":"","format":"standard","meta":{"ngg_post_thumbnail":0,"footnotes":""},"categories":[102,133,150],"tags":[715,672],"class_list":["post-39837","post","type-post","status-publish","format-standard","has-post-thumbnail","category-cef-es","category-federaciones","category-noticias","tag-animacion-misionera","tag-eslovenia"],"_links":{"self":[{"href":"https:\/\/www.ofmconv.net\/es\/wp-json\/wp\/v2\/posts\/39837","targetHints":{"allow":["GET"]}}],"collection":[{"href":"https:\/\/www.ofmconv.net\/es\/wp-json\/wp\/v2\/posts"}],"about":[{"href":"https:\/\/www.ofmconv.net\/es\/wp-json\/wp\/v2\/types\/post"}],"author":[{"embeddable":true,"href":"https:\/\/www.ofmconv.net\/es\/wp-json\/wp\/v2\/users\/1"}],"replies":[{"embeddable":true,"href":"https:\/\/www.ofmconv.net\/es\/wp-json\/wp\/v2\/comments?post=39837"}],"version-history":[{"count":0,"href":"https:\/\/www.ofmconv.net\/es\/wp-json\/wp\/v2\/posts\/39837\/revisions"}],"wp:featuredmedia":[{"embeddable":true,"href":"https:\/\/www.ofmconv.net\/es\/wp-json\/wp\/v2\/media\/39833"}],"wp:attachment":[{"href":"https:\/\/www.ofmconv.net\/es\/wp-json\/wp\/v2\/media?parent=39837"}],"wp:term":[{"taxonomy":"category","embeddable":true,"href":"https:\/\/www.ofmconv.net\/es\/wp-json\/wp\/v2\/categories?post=39837"},{"taxonomy":"post_tag","embeddable":true,"href":"https:\/\/www.ofmconv.net\/es\/wp-json\/wp\/v2\/tags?post=39837"}],"curies":[{"name":"wp","href":"https:\/\/api.w.org\/{rel}","templated":true}]}}