{"id":40156,"date":"2021-11-11T18:44:41","date_gmt":"2021-11-11T17:44:41","guid":{"rendered":"https:\/\/ofmconv.net\/assisi-un-nuovo-sguardo-giovane\/"},"modified":"2021-11-11T18:51:36","modified_gmt":"2021-11-11T17:51:36","slug":"assisi-un-nuovo-sguardo-giovane","status":"publish","type":"post","link":"https:\/\/www.ofmconv.net\/es\/assisi-un-nuovo-sguardo-giovane\/","title":{"rendered":"As\u00eds: una nueva perspectiva juvenil"},"content":{"rendered":"<p><em>El a\u00f1o pasado (2020), a causa de la pandemia, el tradicional encuentro para j\u00f3venes italianos \u201cJ\u00f3venes hacia As\u00eds \u2013 Giovani verso Assisi\u201d no pudo celebrarse de forma presencial y fue sustituido por una edici\u00f3n especial en l\u00ednea. Este a\u00f1o, con todas las debidas precauciones, ha sido posible celebrar el <strong>41\u00b0 encuentro nacional J\u00f3venes hacia As\u00eds<\/strong>, que reuni\u00f3 en As\u00eds a unos 250 j\u00f3venes (muchos menos que antes de la pandemia) de todas las regiones de Italia. El encuentro desarroll\u00f3 el tema de nuestra relaci\u00f3n con la creaci\u00f3n, profundiz\u00e1ndolo a trav\u00e9s del C\u00e1ntico del Hermano Sol de San Francisco y seg\u00fan la perspectiva de la Enc\u00edclica <\/em>Laudato Si\u2019<em> del Papa Francisco..<br \/>\n<\/em><em>Queremos proponerles a ustedes el testimonio de una joven, que recoge la experiencia de los j\u00f3venes que participaron por primera vez al encuentro.<\/em><\/p>\n<p>Del 28 de octubre al 01 de noviembre de 2021 tuvo lugar en la ciudad de As\u00eds la cuadrag\u00e9sima primera edici\u00f3n de <strong>\u201cJ\u00f3venes hacia As\u00eds-Giovani verso Assisi\u201d<\/strong>. Despu\u00e9s de dos largos y dif\u00edciles a\u00f1os, los j\u00f3venes tuvieron la oportunidad de reencontrarse, de mirarse a la cara. Una vez m\u00e1s, la mirada es la causa y el centro de todo. La primera vez en <em>J\u00f3venes hacia As\u00eds<\/em> es siempre una experiencia que queda grabada en el coraz\u00f3n y en la mente. Pero entre todo, lo que llama la atenci\u00f3n de los \u201cnuevos\u201d en este encuentro nacional son las miradas de los presentes: hermanos, hermanas, j\u00f3venes, todos con ojos sonrientes y contagiosos, que te llaman la atenci\u00f3n, que te hacen sentir importante, que hablan de Dios.<\/p>\n<p>Tambi\u00e9n en esta edici\u00f3n, la mirada fue el punto de partida. Es la mirada que Jes\u00fas dirige a Zaqueo (abordada en la Lectio divina propuesta por Fray Gianni CAPPELLETTO, el viernes 29 de octubre) o la que Francisco recibe del crucifijo de San Dami\u00e1n (destacada en la vigilia de oraci\u00f3n de apertura). Para estos personajes, todo comenz\u00f3 con una mirada de amor. Para los participantes, en cierto sentido, ocurre lo mismo. Se invita a los j\u00f3venes a adoptar una nueva perspectiva, especialmente en las cuatro relaciones que experimentan en su vida cotidiana: su relaci\u00f3n con Dios, consigo mismos, con sus hermanos y con la creaci\u00f3n.<\/p>\n<p>La creaci\u00f3n fue la protagonista indiscutible de estas jornadas de encuentro; de hecho, el t\u00edtulo de esta cuadrag\u00e9sima primera edici\u00f3n recog\u00eda un peque\u00f1o fragmento del C\u00e1ntico del Santo de As\u00eds: \u201c<em>Cum tucte le tue creature<\/em>\u201d. Francisco supo captar al Dador en cada don, al Amor del Se\u00f1or en cada creatura, en lo que le calentaba o iluminaba su camino, en lo que le calmaba la sed y le refrescaba. Todos estamos invitados a hacer lo mismo: a apreciar lo que se nos ha dado y a cuidarlo, a tener esta misma mirada de gracia y amor hacia lo que nos rodea, especialmente hacia nuestros hermanos y hermanas, apuntando a nuevos estilos de vida que valoren y respeten de coraz\u00f3n el bien de todas las personas.<\/p>\n<p>Una vez m\u00e1s, este encuentro anual no dej\u00f3 indiferente a nadie. Los j\u00f3venes escucharon, rezaron y debatieron sobre un tema muy actual y cercano a ellos. De hecho, al mismo tiempo, durante la reuni\u00f3n del G20 en Roma, los m\u00e1s altos funcionarios del mundo debatieron sobre los mismos temas.<\/p>\n<p>La oportunidad de dialogar con un hermano o una hermana fue aprovechada por muchos, todos se mostraron en b\u00fasqueda, atentos. Es como si la distancia y la ausencia, en las que nos hemos visto obligados a vivir estos dos \u00faltimos a\u00f1os, se hubiera anulado u olvidado por un momento. Fue sin duda una reuni\u00f3n diferente a las anteriores, hubo un n\u00famero menor de participantes, menos oportunidades de intercambio, pero sigui\u00f3 siendo un momento de Gracia. La 41\u00aa edici\u00f3n de <em>J\u00f3venes hacia As\u00eds<\/em> finaliz\u00f3 con las importantes palabras del Ministro general Fray Carlos TROVARELLI, quien invit\u00f3 a los j\u00f3venes a estar en el mundo, estableciendo relaciones significativas, a dejarse amar por Dios y a amarse seg\u00fan su coraz\u00f3n.<\/p>\n<p>Ahora corresponde a los j\u00f3venes dar un giro de 180 grados, aportar una nueva mirada, una nueva luz al mundo. En J\u00f3venes hacia As\u00eds se escucha, se comparte, se reza, se conoce a cientos de personas\u2026 sobre todo se conoce a Una (con may\u00fascula), y la vida de alguien, a veces, cambia para siempre.<\/p>\n<p style=\"text-align: right;\">Rebecca NOGARA<\/p>\nngg_shortcode_0_placeholder\n","protected":false},"excerpt":{"rendered":"<p>El a\u00f1o pasado (2020), a causa de la pandemia, el tradicional encuentro para j\u00f3venes italianos \u201cJ\u00f3venes hacia As\u00eds \u2013 Giovani verso Assisi\u201d no pudo celebrarse de forma presencial y fue sustituido por una edici\u00f3n especial en l\u00ednea. Este a\u00f1o, con todas las debidas precauciones, ha sido posible celebrar el 41\u00b0 encuentro nacional J\u00f3venes hacia As\u00eds, [&hellip;]<\/p>\n","protected":false},"author":1,"featured_media":40152,"comment_status":"closed","ping_status":"open","sticky":false,"template":"","format":"standard","meta":{"ngg_post_thumbnail":0,"footnotes":""},"categories":[133,116,150],"tags":[241,2314],"class_list":["post-40156","post","type-post","status-publish","format-standard","has-post-thumbnail","category-federaciones","category-fimp-es","category-noticias","tag-asis","tag-jovenes-hacia-asis"],"_links":{"self":[{"href":"https:\/\/www.ofmconv.net\/es\/wp-json\/wp\/v2\/posts\/40156","targetHints":{"allow":["GET"]}}],"collection":[{"href":"https:\/\/www.ofmconv.net\/es\/wp-json\/wp\/v2\/posts"}],"about":[{"href":"https:\/\/www.ofmconv.net\/es\/wp-json\/wp\/v2\/types\/post"}],"author":[{"embeddable":true,"href":"https:\/\/www.ofmconv.net\/es\/wp-json\/wp\/v2\/users\/1"}],"replies":[{"embeddable":true,"href":"https:\/\/www.ofmconv.net\/es\/wp-json\/wp\/v2\/comments?post=40156"}],"version-history":[{"count":0,"href":"https:\/\/www.ofmconv.net\/es\/wp-json\/wp\/v2\/posts\/40156\/revisions"}],"wp:featuredmedia":[{"embeddable":true,"href":"https:\/\/www.ofmconv.net\/es\/wp-json\/wp\/v2\/media\/40152"}],"wp:attachment":[{"href":"https:\/\/www.ofmconv.net\/es\/wp-json\/wp\/v2\/media?parent=40156"}],"wp:term":[{"taxonomy":"category","embeddable":true,"href":"https:\/\/www.ofmconv.net\/es\/wp-json\/wp\/v2\/categories?post=40156"},{"taxonomy":"post_tag","embeddable":true,"href":"https:\/\/www.ofmconv.net\/es\/wp-json\/wp\/v2\/tags?post=40156"}],"curies":[{"name":"wp","href":"https:\/\/api.w.org\/{rel}","templated":true}]}}