{"id":40236,"date":"2021-11-12T15:49:18","date_gmt":"2021-11-12T14:49:18","guid":{"rendered":"https:\/\/ofmconv.net\/roma-seraphicum-breve-corso-di-formazione-per-clarisse-e-frati\/"},"modified":"2021-11-12T15:55:58","modified_gmt":"2021-11-12T14:55:58","slug":"roma-seraphicum-breve-corso-di-formazione-per-clarisse-e-frati","status":"publish","type":"post","link":"https:\/\/www.ofmconv.net\/es\/roma-seraphicum-breve-corso-di-formazione-per-clarisse-e-frati\/","title":{"rendered":"Roma-Seraphicum: Breve curso de formaci\u00f3n para Clarisas y Frailes"},"content":{"rendered":"<p><strong>Del 4 al 7 de noviembre de 2021, una delegaci\u00f3n de Clarisas Urbanistas de los Monasterios de la Federaci\u00f3n de Santa Clara de As\u00eds, algunos hermanos representantes de la Provincia de Italia del Norte, los hermanos estudiantes del Post-Noviciado de Rivotorto y los hermanos del Colegio Seraphicum, se reunieron en Roma, en el Seraphicum, para un breve curso de formaci\u00f3n con la finalidad de profundizar en las Reglas de los fundadores y en el carisma franciscano-clariano, a la luz de la experiencia concreta de la Primera y Segunda Orden en el mundo de hoy.<\/strong><\/p>\n<p>El encuentro, organizado por la Federaci\u00f3n de Santa Clara de As\u00eds de las Monjas Urbanistas de Italia, por el Colegio Internacional Seraphicum y por la Pontificia Facultad Teol\u00f3gica San Buenaventura, comenz\u00f3 con el rezo de V\u00edsperas el 4 de noviembre.<br \/>\nEl 5 de noviembre se celebr\u00f3 en el Aula Sixto V una jornada de estudio titulada \u201c<em>Venid a ayudarme en los trabajos para la iglesia de San Dami\u00e1n, que se convertir\u00e1 en un monasterio de se\u00f1oras. \u00bfProfec\u00eda o sue\u00f1o de Francisco?<\/em>\u201d. Para analizar el estrecho v\u00ednculo entre las Reglas de la Primera y la Segunda Orden, Fray Raffaele DI MURO habl\u00f3 sobre la espiritualidad franciscana, Fray Massimo VEDOVA examin\u00f3 el significado de las palabras Evangelio, trabajo y servicio en las dos Reglas, Sor Damiana ARDESI destac\u00f3 la importancia de la relaci\u00f3n presencia-ausencia que ayud\u00f3 a Clara y a Francisco a comprender mejor su propia identidad y vocaci\u00f3n. Por la tarde, en grupos, los hermanos y hermanas compartieron su experiencia en los distintos \u00e1mbitos de su vida: espiritualidad, trabajo, comunidad. El encuentro continu\u00f3 despu\u00e9s de la cena con un momento de fraternidad juntos.<br \/>\nEl 6 de noviembre, la jornada continu\u00f3 con una conferencia del biblista Fray Tomasz SZYMCZAK titulada \u201c<em>Hombre y mujer los cre\u00f3 (Gen 1,26-27). Y s\u00f3lo unos siglos m\u00e1s tarde aparecieron la Orden de los Hermanos Menores y las Clarisas<\/em>\u201d, lo que aport\u00f3 interesantes ideas para el trabajo posterior en los grupos, durante los cuales surgi\u00f3 la importante complementariedad que siempre ha unido a las dos \u00d3rdenes y que, precisamente en este tiempo de crisis vocacional, y no s\u00f3lo por eso, puede ser un \u00fatil est\u00edmulo para unir fuerzas y ser testimonio vivo en el mundo. Por la tarde, el Ministro general Fray Carlos TROVARELLI regal\u00f3 a todos los participantes un profundo momento de s\u00edntesis en el que subray\u00f3 que no es la complementariedad antropol\u00f3gica del var\u00f3n y la mujer -un hecho natural y casi dado por sentado- el elemento fundante de la relaci\u00f3n entre las dos \u00d3rdenes, sino la complementariedad m\u00edstica. Con esta expresi\u00f3n, el Ministro general ha querido resaltar la importancia no tanto del mirarse el uno al otro, sino la importancia del intercambio entre dos realidades que miran a Cristo con ojos diferentes, pero unidas por el mismo carisma franciscano-clariano. Al final de las palabras de Fray Carlos, las hermanas Clarisas obsequiaron a los hermanos, en agradecimiento por el encuentro, la reproducci\u00f3n de una imagen art\u00edstica de Clara y Francisco mirando al Alt\u00edsimo.<br \/>\nEl encuentro concluy\u00f3 el domingo con una peregrinaci\u00f3n a la iglesia de San Francisco en Ripa, lugar donde se aloj\u00f3 Francisco de As\u00eds durante su estancia en Roma, y a la Bas\u00edlica de San Pedro para participar en el \u00c1ngelus del Papa Francisco.<br \/>\nLa respuesta positiva de los participantes ha dejado ver el deseo de continuar en este camino de intercambio entre las dos \u00d3rdenes, \u00fatil para el desarrollo de una mayor reciprocidad entre dos pilares complementarios del mismo carisma.<\/p>\n<p style=\"text-align: right;\">Fray Roberto LIGGERI.<\/p>\nngg_shortcode_0_placeholder\n","protected":false},"excerpt":{"rendered":"<p>Del 4 al 7 de noviembre de 2021, una delegaci\u00f3n de Clarisas Urbanistas de los Monasterios de la Federaci\u00f3n de Santa Clara de As\u00eds, algunos hermanos representantes de la Provincia de Italia del Norte, los hermanos estudiantes del Post-Noviciado de Rivotorto y los hermanos del Colegio Seraphicum, se reunieron en Roma, en el Seraphicum, para [&hellip;]<\/p>\n","protected":false},"author":1,"featured_media":40232,"comment_status":"closed","ping_status":"open","sticky":false,"template":"","format":"standard","meta":{"ngg_post_thumbnail":0,"footnotes":""},"categories":[139,150,146],"tags":[611,338],"class_list":["post-40236","post","type-post","status-publish","format-standard","has-post-thumbnail","category-la-familia-franciscana","category-noticias","category-ufficio-comunicazioni-es","tag-formacion","tag-seraphicum-es"],"_links":{"self":[{"href":"https:\/\/www.ofmconv.net\/es\/wp-json\/wp\/v2\/posts\/40236","targetHints":{"allow":["GET"]}}],"collection":[{"href":"https:\/\/www.ofmconv.net\/es\/wp-json\/wp\/v2\/posts"}],"about":[{"href":"https:\/\/www.ofmconv.net\/es\/wp-json\/wp\/v2\/types\/post"}],"author":[{"embeddable":true,"href":"https:\/\/www.ofmconv.net\/es\/wp-json\/wp\/v2\/users\/1"}],"replies":[{"embeddable":true,"href":"https:\/\/www.ofmconv.net\/es\/wp-json\/wp\/v2\/comments?post=40236"}],"version-history":[{"count":0,"href":"https:\/\/www.ofmconv.net\/es\/wp-json\/wp\/v2\/posts\/40236\/revisions"}],"wp:featuredmedia":[{"embeddable":true,"href":"https:\/\/www.ofmconv.net\/es\/wp-json\/wp\/v2\/media\/40232"}],"wp:attachment":[{"href":"https:\/\/www.ofmconv.net\/es\/wp-json\/wp\/v2\/media?parent=40236"}],"wp:term":[{"taxonomy":"category","embeddable":true,"href":"https:\/\/www.ofmconv.net\/es\/wp-json\/wp\/v2\/categories?post=40236"},{"taxonomy":"post_tag","embeddable":true,"href":"https:\/\/www.ofmconv.net\/es\/wp-json\/wp\/v2\/tags?post=40236"}],"curies":[{"name":"wp","href":"https:\/\/api.w.org\/{rel}","templated":true}]}}