{"id":44724,"date":"2022-05-06T11:29:40","date_gmt":"2022-05-06T09:29:40","guid":{"rendered":"https:\/\/ofmconv.net\/spagna-capitolo-provinciale-straordinario\/"},"modified":"2022-05-06T11:33:14","modified_gmt":"2022-05-06T09:33:14","slug":"spagna-capitolo-provinciale-straordinario","status":"publish","type":"post","link":"https:\/\/www.ofmconv.net\/es\/spagna-capitolo-provinciale-straordinario\/","title":{"rendered":"Espa\u00f1a: Cap\u00edtulo provincial extraordinario"},"content":{"rendered":"<p><strong>Los d\u00edas 21 y 22 de abril de 2022, durante la semana de la Octava de Pascua, la Provincia de Ntra. Sra. de Montserrat de Espa\u00f1a ha celebrado el Cap\u00edtulo provincial extraordinario, para aprobar los nuevos Estatutos provinciales, adapt\u00e1ndolos a las nuevas Constituciones y Estatutos generales recientemente aprobados en la Orden.<\/strong><\/p>\n<p>El Cap\u00edtulo tuvo lugar en el Convento-Colegio de S. Buenaventura de Madrid, presidido por el Ministro provincial Fray Juan Antonio AD\u00c1NEZ SILV\u00c1N, y con el asesoramiento t\u00e9cnico de Fray Maurizio DI PAOLO, Procurador general de la Orden. Los hermanos Capitulares eran 21.<br \/>\nConcluido el Cap\u00edtulo, el s\u00e1bado 23 de abril se celebr\u00f3 \u201cEl d\u00eda de la Provincia\u201d (que viene celebrada cada a\u00f1o en el s\u00e1bado m\u00e1s pr\u00f3ximo al 27 de abril, fiesta de la Patrona de la Provincia, Ntra. Sra. de Montserrat). La Eucarist\u00eda comunitaria y la comida fraterna fueron el marco festivo de la celebraci\u00f3n, en la que Fray Jos\u00e9 GONZ\u00c1LEZ S\u00c1NCHEZ, Guardi\u00e1n de la fraternidad de Palencia, celebr\u00f3 sus 25 a\u00f1os de Profesi\u00f3n solemne. Numerosos seglares de nuestros dos Conventos de Madrid acompa\u00f1aron a los hermanos y compartieron con ellos un aperitivo al final de la Eucarist\u00eda. Tambi\u00e9n los familiares de Fray Jos\u00e9 compartieron el almuerzo con todos los hermanos presentes.<\/p>\n<p style=\"text-align: right;\">Fray Joaqu\u00edn A. AGESTA CUEVAS.<\/p>\nngg_shortcode_0_placeholder\n","protected":false},"excerpt":{"rendered":"<p>Los d\u00edas 21 y 22 de abril de 2022, durante la semana de la Octava de Pascua, la Provincia de Ntra. Sra. de Montserrat de Espa\u00f1a ha celebrado el Cap\u00edtulo provincial extraordinario, para aprobar los nuevos Estatutos provinciales, adapt\u00e1ndolos a las nuevas Constituciones y Estatutos generales recientemente aprobados en la Orden. El Cap\u00edtulo tuvo lugar [&hellip;]<\/p>\n","protected":false},"author":1,"featured_media":44720,"comment_status":"closed","ping_status":"open","sticky":false,"template":"","format":"standard","meta":{"ngg_post_thumbnail":0,"footnotes":""},"categories":[133,116,150],"tags":[198,901],"class_list":["post-44724","post","type-post","status-publish","format-standard","has-post-thumbnail","category-federaciones","category-fimp-es","category-noticias","tag-espana"],"_links":{"self":[{"href":"https:\/\/www.ofmconv.net\/es\/wp-json\/wp\/v2\/posts\/44724","targetHints":{"allow":["GET"]}}],"collection":[{"href":"https:\/\/www.ofmconv.net\/es\/wp-json\/wp\/v2\/posts"}],"about":[{"href":"https:\/\/www.ofmconv.net\/es\/wp-json\/wp\/v2\/types\/post"}],"author":[{"embeddable":true,"href":"https:\/\/www.ofmconv.net\/es\/wp-json\/wp\/v2\/users\/1"}],"replies":[{"embeddable":true,"href":"https:\/\/www.ofmconv.net\/es\/wp-json\/wp\/v2\/comments?post=44724"}],"version-history":[{"count":0,"href":"https:\/\/www.ofmconv.net\/es\/wp-json\/wp\/v2\/posts\/44724\/revisions"}],"wp:featuredmedia":[{"embeddable":true,"href":"https:\/\/www.ofmconv.net\/es\/wp-json\/wp\/v2\/media\/44720"}],"wp:attachment":[{"href":"https:\/\/www.ofmconv.net\/es\/wp-json\/wp\/v2\/media?parent=44724"}],"wp:term":[{"taxonomy":"category","embeddable":true,"href":"https:\/\/www.ofmconv.net\/es\/wp-json\/wp\/v2\/categories?post=44724"},{"taxonomy":"post_tag","embeddable":true,"href":"https:\/\/www.ofmconv.net\/es\/wp-json\/wp\/v2\/tags?post=44724"}],"curies":[{"name":"wp","href":"https:\/\/api.w.org\/{rel}","templated":true}]}}