{"id":44771,"date":"2022-05-07T14:38:33","date_gmt":"2022-05-07T12:38:33","guid":{"rendered":"https:\/\/ofmconv.net\/il-convento-delle-ultime-cene\/"},"modified":"2022-05-07T14:45:41","modified_gmt":"2022-05-07T12:45:41","slug":"il-convento-delle-ultime-cene","status":"publish","type":"post","link":"https:\/\/www.ofmconv.net\/es\/il-convento-delle-ultime-cene\/","title":{"rendered":"El Convento de \u201clas \u00faltimas cenas\u201d"},"content":{"rendered":"<p><strong><em>\u201cLo llama el \u00abConvento de las \u00faltimas cenas\u00bb. S\u00ed, al plural., Y cuando Fray Mykola ORACH parla de ello, el tono de su voz se vuelve sombr\u00edo. No estamos en Tierra Santa, sino en el coraz\u00f3n de Le\u00f3polis, en Ucrania. \u00abEs en el interior de nuestros muros donde hemos asistido y seguimos asistiendo a las \u00faltimas cenas de tantas personas\u00bb\u201d,<\/em> afirma el hermano menor conventual en un art\u00edculo publicado el 6 de mayo de 2022 en \u2018Avvenire\u2019, un peri\u00f3dico cat\u00f3lico italiano.<\/strong><\/p>\n<p><em>\u00abLos que huyen de la guerra hacen una parada con nosotros \u2013 <\/em>contin\u00faa Fray Mykola \u2013. \u00ab<em>Hemos abierto nuestra casa junto a la iglesia de San Antonio. Llegan familias enteras, formadas por marido, mujer e hijos. Pero el marido no puede salir del pa\u00eds, como ha decretado el gobierno. As\u00ed que acompa\u00f1a al resto de la familia a la frontera con Polonia, quiz\u00e1s en coche. Y toman un descanso en nuestro Convento antes de salir por la frontera. Se quedan a dormir. Y tienen su \u00faltima cena antes de separarse. Se miran a los ojos. Se acarician las manos. En sus susurros y sus miradas se contempla el dolor de un pueblo agredido. Y es inaceptable que esto ocurra\u00bb.<br \/>\n<\/em>Desde el comienzo de la guerra, los hermanos franciscanos de la Custodia de la Santa Cruz en Ucrania (repartidos por todo el territorio en 5 Conventos), han tejido una red de solidaridad activa y eficaz, en constante contacto con As\u00eds, para ayudar y estar cerca de los que han decidido permanecer en el pa\u00eds.<br \/>\n<em>\u00abEl mundo cree que la guerra en Ucrania comenz\u00f3 en febrero de 2022, pero para nosotros se prolonga desde 2014<\/em> \u2013 explica el franciscano \u2013. <em>y es desde entonces que traemos aqu\u00ed productos de primera necesidad para ser clasificados incluso en lo que se ha definido como \u201czona gris\u201d, en la encrucijada entre Ucrania, Rusia y Bielorrusia\u00bb.<br \/>\n<\/em>El art\u00edculo habla tambi\u00e9n de que el Convento de Le\u00f3polis <em>es como un peque\u00f1o As\u00eds. Se ha convertido en punto de referencia. Tambi\u00e9n se ha vuelto en un centro de clara impronta franciscana, capaz de desplegar ayuda a todo el territorio.<\/em> Los hermanos reciben productos alimenticios, medicinas y ropa, y los distribuyen entre los necesitados. <em>Incluidos los soldados ucranianos que llaman a las puertas de las estructuras franciscanas.<br \/>\n<\/em><em>\u00abLa guerra no terminar\u00e1 pronto<\/em> \u2013 concluye Fray Mykola \u2013. <em>seremos capaces de explotar nuestros recursos internos durante unos meses m\u00e1s. Luego, las necesidades ser\u00e1n mayores. Y tambi\u00e9n tenemos otra preocupaci\u00f3n\u00bb. <\/em>\u00bfCu\u00e1l?<em> \u00abQue Occidente, tras la intensa movilizaci\u00f3n de estas semanas, ya no sea tan cercano a nuestro pueblo. Por eso digo: no nos olviden. Hay todo un pa\u00eds por salvar hoy y reconstruir ma\u00f1ana\u00bb.<\/em><\/p>\n<p>Por ello, todos estamos invitados a seguir apoyando a nuestros hermanos de Ucrania. Para mayor informaci\u00f3n y para apoyar los proyectos de los frailes en el pa\u00eds, puedes visitar <a href=\"http:\/\/www.sanfrancesco.org\">www.sanfrancesco.org<\/a>. Tambi\u00e9n puedes contribuir haciendo una transferencia a la cuenta:<\/p>\n<p>\u201cFrancesco d\u2019Assisi, un uomo un fratello\u201d<br \/>\nIban: IT64R0200838278000103746115<br \/>\nBic-Swift: UNCRITM1J12.<\/p>\n<p style=\"text-align: right;\">De: Diario italiano <em>Avvenire<br \/>\n<\/em><a href=\"https:\/\/www.avvenire.it\/mondo\/pagine\/frati-di-leopoli-cosi-aiutiamo-le-famiglie-ucraina\">https:\/\/www.avvenire.it\/mondo\/pagine\/frati-di-leopoli-cosi-aiutiamo-le-famiglie-ucraina<\/a><br \/>\nGiacomo GAMBASSI.<\/p>\n","protected":false},"excerpt":{"rendered":"<p>\u201cLo llama el \u00abConvento de las \u00faltimas cenas\u00bb. S\u00ed, al plural., Y cuando Fray Mykola ORACH parla de ello, el tono de su voz se vuelve sombr\u00edo. No estamos en Tierra Santa, sino en el coraz\u00f3n de Le\u00f3polis, en Ucrania. \u00abEs en el interior de nuestros muros donde hemos asistido y seguimos asistiendo a las [&hellip;]<\/p>\n","protected":false},"author":1,"featured_media":44767,"comment_status":"closed","ping_status":"open","sticky":false,"template":"","format":"standard","meta":{"ngg_post_thumbnail":0,"footnotes":""},"categories":[150,146],"tags":[1040],"class_list":["post-44771","post","type-post","status-publish","format-standard","has-post-thumbnail","category-noticias","category-ufficio-comunicazioni-es","tag-ucrania"],"_links":{"self":[{"href":"https:\/\/www.ofmconv.net\/es\/wp-json\/wp\/v2\/posts\/44771","targetHints":{"allow":["GET"]}}],"collection":[{"href":"https:\/\/www.ofmconv.net\/es\/wp-json\/wp\/v2\/posts"}],"about":[{"href":"https:\/\/www.ofmconv.net\/es\/wp-json\/wp\/v2\/types\/post"}],"author":[{"embeddable":true,"href":"https:\/\/www.ofmconv.net\/es\/wp-json\/wp\/v2\/users\/1"}],"replies":[{"embeddable":true,"href":"https:\/\/www.ofmconv.net\/es\/wp-json\/wp\/v2\/comments?post=44771"}],"version-history":[{"count":0,"href":"https:\/\/www.ofmconv.net\/es\/wp-json\/wp\/v2\/posts\/44771\/revisions"}],"wp:featuredmedia":[{"embeddable":true,"href":"https:\/\/www.ofmconv.net\/es\/wp-json\/wp\/v2\/media\/44767"}],"wp:attachment":[{"href":"https:\/\/www.ofmconv.net\/es\/wp-json\/wp\/v2\/media?parent=44771"}],"wp:term":[{"taxonomy":"category","embeddable":true,"href":"https:\/\/www.ofmconv.net\/es\/wp-json\/wp\/v2\/categories?post=44771"},{"taxonomy":"post_tag","embeddable":true,"href":"https:\/\/www.ofmconv.net\/es\/wp-json\/wp\/v2\/tags?post=44771"}],"curies":[{"name":"wp","href":"https:\/\/api.w.org\/{rel}","templated":true}]}}