{"id":45348,"date":"2022-05-26T15:53:28","date_gmt":"2022-05-26T13:53:28","guid":{"rendered":"https:\/\/ofmconv.net\/assisi-solennita-della-dedicazione-della-basilica-di-san-francesco-e-festa-della-custodia-generale\/"},"modified":"2022-05-26T16:02:33","modified_gmt":"2022-05-26T14:02:33","slug":"assisi-solennita-della-dedicazione-della-basilica-di-san-francesco-e-festa-della-custodia-generale","status":"publish","type":"post","link":"https:\/\/www.ofmconv.net\/es\/assisi-solennita-della-dedicazione-della-basilica-di-san-francesco-e-festa-della-custodia-generale\/","title":{"rendered":"As\u00eds: solemnidad de la Dedicaci\u00f3n de la Bas\u00edlica de San Francisco y fiesta de la Custodia general"},"content":{"rendered":"<p><strong>Con motivo de la celebraci\u00f3n lit\u00fargica de la Dedicaci\u00f3n de la Bas\u00edlica de San Francisco de As\u00eds (24 de mayo de 2022), despu\u00e9s de los a\u00f1os de la pandemia, este a\u00f1o la comunidad custodial vivi\u00f3 su d\u00eda de fiesta, junto con muchos hermanos OFM y OFMCap, religiosos y religiosas de As\u00eds, la Alcaldesa Stefania PROIETTI y otros fieles y peregrinos, como es tradici\u00f3n, principalmente con la celebraci\u00f3n de la Eucarist\u00eda en la Bas\u00edlica Superior.<\/strong><\/p>\n<p>La Santa Misa fue presidida por Fray Giovanni VOLTAN, Asistente general de la FIMP (Federazione Intermediterranea Ministri Provinciali), quien en su homil\u00eda pronunci\u00f3, entre otras cosas, la invitaci\u00f3n a mirar precisamente a San Francisco para seguir a Jes\u00fas, Se\u00f1or nuestro.<br \/>\nEn la Bas\u00edlica de As\u00eds, dijo, \u201cse ha querido contar la vida de Francisco enmarcando su historia en el relato sagrado de la salvaci\u00f3n, para decirnos c\u00f3mo la suya y la de cada uno de nosotros, cuando se cruza con Jes\u00fas, es una historia in\u00e9dita, \u00fanica e irrepetible que completa el Evangelio de Cristo\u201d.&nbsp; Se convierte en un \u201cquinto Evangelio\u201d. Es una historia sagrada. Una historia que m\u00e1s atrae cuanto m\u00e1s cerca y como Jes\u00fas es. \u00bfQuieres ver a Jes\u00fas? Esta Bas\u00edlica te pide: mira a Francisco. \u00bfQuieres ver c\u00f3mo vive un cristiano? Mira a Francisco. \u00bfQuieres ser una persona realizada? Mira a Francisco. Sus sue\u00f1os, sus errores, sus ca\u00eddas, su conversi\u00f3n, c\u00f3mo logr\u00f3 ser un hombre feliz. Esta Bas\u00edlica es toda una leyenda, en el sentido original de la lengua latina: todo por leer. [\u2026] Francisco amaba tanto a Jes\u00fas que quer\u00eda parecerse a \u00c9l en todo. Pero quiz\u00e1s ser\u00eda mejor y m\u00e1s correcto decir: Francisco se sinti\u00f3 tan amado por Jes\u00fas que quiso parecerse a \u00c9l en todo. Creo que esta es la <em>gratia loci<\/em> de As\u00eds, la gracia de esta Bas\u00edlica en particular: mostrar la vida buena, bella y bienaventurada de Francisco que acoge en sus frailes a cada peregrino, a cada creyente, a cada hombre que sube a esta colina en busca de paz, de perd\u00f3n, de Dios\u201d.<br \/>\nTras la celebraci\u00f3n, la fiesta continu\u00f3 con un cordial desayuno <em>interfranciscano<\/em> en algunas de las salas del Sacro Convento junto a los religiosos y religiosas presentes.<br \/>\nLa fiesta anual de la Custodia general del Sacro Convento de San Francisco de As\u00eds en Italia (As\u00eds) se abri\u00f3 con las primeras V\u00edsperas de la Dedicaci\u00f3n, el 23 de mayo, presididas por Fray Marco MORONI, Custodio general, y el homenaje floreal en la Tumba de San Francisco por parte de los hermanos de la comunidad; se concluy\u00f3 con las segundas V\u00edsperas presididas por Fray Teofil PETRI\u0218OR Vicario custodial, y la bendici\u00f3n con la reliquia de San Francisco.<br \/>\nPor supuesto que tambi\u00e9n aqu\u00ed se aplica el antiguo principio de <em>ubi missa ibi mensa<\/em>: \u00a1la cena festiva en comunidad, de hecho, fue el digno ep\u00edlogo de la jornada!<\/p>\n<p style=\"text-align: right;\">Fray Giulio CESAREO.<\/p>\nngg_shortcode_0_placeholder\n","protected":false},"excerpt":{"rendered":"<p>Con motivo de la celebraci\u00f3n lit\u00fargica de la Dedicaci\u00f3n de la Bas\u00edlica de San Francisco de As\u00eds (24 de mayo de 2022), despu\u00e9s de los a\u00f1os de la pandemia, este a\u00f1o la comunidad custodial vivi\u00f3 su d\u00eda de fiesta, junto con muchos hermanos OFM y OFMCap, religiosos y religiosas de As\u00eds, la Alcaldesa Stefania PROIETTI [&hellip;]<\/p>\n","protected":false},"author":1,"featured_media":45344,"comment_status":"closed","ping_status":"open","sticky":false,"template":"","format":"standard","meta":{"ngg_post_thumbnail":0,"footnotes":""},"categories":[133,116,150],"tags":[2209],"class_list":["post-45348","post","type-post","status-publish","format-standard","has-post-thumbnail","category-federaciones","category-fimp-es","category-noticias","tag-italia-asis"],"_links":{"self":[{"href":"https:\/\/www.ofmconv.net\/es\/wp-json\/wp\/v2\/posts\/45348","targetHints":{"allow":["GET"]}}],"collection":[{"href":"https:\/\/www.ofmconv.net\/es\/wp-json\/wp\/v2\/posts"}],"about":[{"href":"https:\/\/www.ofmconv.net\/es\/wp-json\/wp\/v2\/types\/post"}],"author":[{"embeddable":true,"href":"https:\/\/www.ofmconv.net\/es\/wp-json\/wp\/v2\/users\/1"}],"replies":[{"embeddable":true,"href":"https:\/\/www.ofmconv.net\/es\/wp-json\/wp\/v2\/comments?post=45348"}],"version-history":[{"count":0,"href":"https:\/\/www.ofmconv.net\/es\/wp-json\/wp\/v2\/posts\/45348\/revisions"}],"wp:featuredmedia":[{"embeddable":true,"href":"https:\/\/www.ofmconv.net\/es\/wp-json\/wp\/v2\/media\/45344"}],"wp:attachment":[{"href":"https:\/\/www.ofmconv.net\/es\/wp-json\/wp\/v2\/media?parent=45348"}],"wp:term":[{"taxonomy":"category","embeddable":true,"href":"https:\/\/www.ofmconv.net\/es\/wp-json\/wp\/v2\/categories?post=45348"},{"taxonomy":"post_tag","embeddable":true,"href":"https:\/\/www.ofmconv.net\/es\/wp-json\/wp\/v2\/tags?post=45348"}],"curies":[{"name":"wp","href":"https:\/\/api.w.org\/{rel}","templated":true}]}}