{"id":46799,"date":"2022-07-06T17:47:42","date_gmt":"2022-07-06T15:47:42","guid":{"rendered":"https:\/\/ofmconv.net\/argentina-visita-e-capitolo-ofs\/"},"modified":"2022-07-06T17:57:30","modified_gmt":"2022-07-06T15:57:30","slug":"argentina-visita-e-capitolo-ofs","status":"publish","type":"post","link":"https:\/\/www.ofmconv.net\/es\/argentina-visita-e-capitolo-ofs\/","title":{"rendered":"Argentina: Visita y Cap\u00edtulo de la OFS"},"content":{"rendered":"<p><strong>Del 14 al 17 de junio de 2022 tuvo lugar la Visita fraterna y pastoral a la Fraternidad nacional de la OFS en Argentina; los visitadores fueron: Ana Maria RAFFFO miembro de la Presidencia de la CIOFS y delegada del Ministro general Tibor KAUSER, y Fray Alfred PARAMBAKATHU OFMConv Asistente espiritual general.<\/strong><\/p>\n<p>La visita comenz\u00f3 el d\u00eda 14 por la tarde con un encuentro con los dos Ministros provinciales de la OFM en el Convento de San Francisco de Buenos Aires. Tambi\u00e9n se visit\u00f3 la Oficina y los Archivos de la Fraternidad nacional de la OFS situados en la Cripta del mismo Convento. Al d\u00eda siguiente, Fray Alfred y Ana Maria se dirigieron a la ciudad de Corrientes, a la <em>Casa de la Merced<\/em>, un centro de espiritualidad atendido por los hermanos de la OFM, donde tuvo lugar el resto de la Visita y el Cap\u00edtulo. Hubo una reuni\u00f3n personal con todos los miembros del Consejo nacional y algunos ministros regionales. A continuaci\u00f3n, el encuentro con los tres Asistentes espirituales nacionales: Fray Fernando LAPIERRE OFM, Fray Ra\u00fal LOMBARDINI OFM y Fray Gonzalvo CARO OFMCap.<br \/>\nEl Cap\u00edtulo electivo comenz\u00f3 el 17 por la tarde. El tema del Cap\u00edtulo fue \u201c\u2026que no se marche jam\u00e1s sin tu misericordia\u201d, tomado de la <em>Carta a un ministro<\/em> de San Francisco. El s\u00e1bado tuvo lugar la presentaci\u00f3n de varios informes del Consejo nacional saliente y la presentaci\u00f3n de las prioridades para el pr\u00f3ximo Trienio. La sesi\u00f3n electiva tuvo lugar el domingo por la ma\u00f1ana. Santiago NEGRO, que ya hab\u00eda desempe\u00f1ado este servicio en pasado, fue elegido Ministro nacional y Consejero internacional. Aunque hubo discusiones acaloradas, especialmente sobre la situaci\u00f3n econ\u00f3mica de la Fraternidad nacional, el Cap\u00edtulo en su conjunto se desarroll\u00f3 en forma muy fraternal y pac\u00edfica.<\/p>\n<p style=\"text-align: right;\">Fray Alfred PARAMBAKATHU.<\/p>\nngg_shortcode_0_placeholder\n","protected":false},"excerpt":{"rendered":"<p>Del 14 al 17 de junio de 2022 tuvo lugar la Visita fraterna y pastoral a la Fraternidad nacional de la OFS en Argentina; los visitadores fueron: Ana Maria RAFFFO miembro de la Presidencia de la CIOFS y delegada del Ministro general Tibor KAUSER, y Fray Alfred PARAMBAKATHU OFMConv Asistente espiritual general. La visita comenz\u00f3 [&hellip;]<\/p>\n","protected":false},"author":1,"featured_media":46795,"comment_status":"closed","ping_status":"open","sticky":false,"template":"","format":"standard","meta":{"ngg_post_thumbnail":0,"footnotes":""},"categories":[150,136,126],"tags":[1892,198,678],"class_list":["post-46799","post","type-post","status-publish","format-standard","has-post-thumbnail","category-noticias","category-oficinas-generales","category-ofs-es","tag-argentina-es","tag-capitulo","tag-visita-es"],"_links":{"self":[{"href":"https:\/\/www.ofmconv.net\/es\/wp-json\/wp\/v2\/posts\/46799","targetHints":{"allow":["GET"]}}],"collection":[{"href":"https:\/\/www.ofmconv.net\/es\/wp-json\/wp\/v2\/posts"}],"about":[{"href":"https:\/\/www.ofmconv.net\/es\/wp-json\/wp\/v2\/types\/post"}],"author":[{"embeddable":true,"href":"https:\/\/www.ofmconv.net\/es\/wp-json\/wp\/v2\/users\/1"}],"replies":[{"embeddable":true,"href":"https:\/\/www.ofmconv.net\/es\/wp-json\/wp\/v2\/comments?post=46799"}],"version-history":[{"count":0,"href":"https:\/\/www.ofmconv.net\/es\/wp-json\/wp\/v2\/posts\/46799\/revisions"}],"wp:featuredmedia":[{"embeddable":true,"href":"https:\/\/www.ofmconv.net\/es\/wp-json\/wp\/v2\/media\/46795"}],"wp:attachment":[{"href":"https:\/\/www.ofmconv.net\/es\/wp-json\/wp\/v2\/media?parent=46799"}],"wp:term":[{"taxonomy":"category","embeddable":true,"href":"https:\/\/www.ofmconv.net\/es\/wp-json\/wp\/v2\/categories?post=46799"},{"taxonomy":"post_tag","embeddable":true,"href":"https:\/\/www.ofmconv.net\/es\/wp-json\/wp\/v2\/tags?post=46799"}],"curies":[{"name":"wp","href":"https:\/\/api.w.org\/{rel}","templated":true}]}}