{"id":46877,"date":"2022-07-09T15:30:39","date_gmt":"2022-07-09T13:30:39","guid":{"rendered":"https:\/\/ofmconv.net\/fra-casimiro-cypher-una-vita-ordinaria-resa-straordinaria\/"},"modified":"2022-07-09T15:34:48","modified_gmt":"2022-07-09T13:34:48","slug":"fra-casimiro-cypher-una-vita-ordinaria-resa-straordinaria","status":"publish","type":"post","link":"https:\/\/www.ofmconv.net\/es\/fra-casimiro-cypher-una-vita-ordinaria-resa-straordinaria\/","title":{"rendered":"Fray Casimiro CYPHER: Una Vida ordinaria convertida en extraordinaria"},"content":{"rendered":"<p><strong>\u00bfTe has preguntado alguna vez c\u00f3mo convertir en extraordinarias las cosas ordinarias de tu vida? Eso es lo que Fray Casimiro CYPHER, asesinado el 25 de junio de 1975 en Olancho-Honduras junto con 13 personas m\u00e1s, realiz\u00f3 durante su vida. Los Hermanos Menores Conventuales de la Custodia Mar\u00eda Madre de Misericordia en Centro Am\u00e9rica, junto con la Di\u00f3cesis de Juticalpa en Olancho-Honduras, celebraron el recuerdo de la Vida, Misi\u00f3n y Testimonio de este hermano menor conventual, con varias actividades del 16 al 26 de junio de 2022.<\/strong><\/p>\n<p>El Vice postulador de la causa, Fray Juan Alonso PAGOADA ACOSTA, junto al Obispo de Juticalpa-Honduras, Mons. Joseph BONELLO, acompa\u00f1a el proceso preliminar de la causa Diocesana en favor de Fray Casimiro, cuya fama martirial se extiende cada vez m\u00e1s entre los fieles de la Di\u00f3cesis de Juticalpa.<br \/>\nEn los d\u00edas previos al aniversario, el Vice postulador realiz\u00f3 algunas visitas a las comunidades donde vivi\u00f3 y sirvi\u00f3 Fray Casimiro. Escuchando a las personas que le conocieron y compartieron su vida con \u00c9l, constat\u00f3 c\u00f3mo nuestro hermano convert\u00eda en extraordinario lo ordinario de la vida.<br \/>\nPara seguir promoviendo la vida, misi\u00f3n y testimonio de Fray Casimiro, se realizaron actividades propias de esta etapa preliminar diocesana, entre ellas: encuentros con grupos apost\u00f3licos parroquiales y conversaciones particulares; conferencias por los medios virtuales de comunicaci\u00f3n, radio y televisi\u00f3n; identificaci\u00f3n y entrevistas a testigos; visita a los lugares donde los hermanos comparten su misi\u00f3n y celebraciones lit\u00fargicas con los feligreses de la parroquia San Jer\u00f3nimo de Gualaco, lugar donde reposan sus restos.<br \/>\nFray Casimiro CYPHER lleg\u00f3 a la Di\u00f3cesis de Juticalpa, Olancho, a inicios de 1973, donde gast\u00f3 su vida sirviendo a los m\u00e1s pobres en la parroquia de Gualaco y San Esteban. Recorr\u00eda los caminos sobre las monta\u00f1as a pie o a lomo de caballo, pastoreando al pueblo de Dios. Como buen fraile franciscano disfrutaba del entorno natural y silvestre, participando de la vida ordinaria de las comunidades y haciendo de su vida algo extraordinario. Hoy, a 47 a\u00f1os de su muerte, habiendo entregado su existencia a una Iglesia que sufri\u00f3 persecuci\u00f3n por odio a la Fe y al compromiso apost\u00f3lico, las comunidades recuerdan y hacen presente en sus vidas las virtudes que conocieron en Fray Casimiro, y que luego hicieron su vida extraordinaria.<br \/>\nEn las visitas a las comunidades locales, interactuando con las personas y escuchando los relatos de la vida ordinaria de nuestro hermano, estas manifestaron conocer la sencillez, la alegr\u00eda, la simplicidad y cercan\u00eda de un misionero franciscano conventual en la persona de Fray Casimiro. Esas virtudes y la entrega de su vida el 25 de junio de 1975, han hecho que las personas conserven en su coraz\u00f3n, los relatos preciosos y memorias inolvidables de nuestro hermano, mismos que la comunidad revive y celebra a\u00f1o tras a\u00f1o, promoviendo as\u00ed el ejemplo de su vida, misi\u00f3n y fama martirial en la Iglesia que peregrina en Olancho.<br \/>\nAlgunos frutos abundantes en la Di\u00f3cesis de Juticalpa y la comunidad parroquial de Gualaco, han sido la Ordenaci\u00f3n de dos nuevos sacerdotes del clero diocesano, el compromiso -entre los miembros de la Iglesia local- de promover el proceso de la causa preliminar en la oraci\u00f3n comunitaria y la figura de Fray Casimiro en la formaci\u00f3n de los ni\u00f1os, en la catequesis parroquial, a los j\u00f3venes y a los grupos apost\u00f3licos parroquiale. Adem\u00e1s, se continuar\u00e1 con la identificaci\u00f3n de testigos, de gracias recibidas y con la recolecci\u00f3n de la informaci\u00f3n necesaria, que ser\u00e1 presentada al Obispo BONELLO como muestra de la fama martirial de Fray Casimiro, para el bien de la Iglesia en la amada Di\u00f3cesis de Juticalpa.<br \/>\nUn profundo agradecimiento a todos los feligreses de la Di\u00f3cesis de Juticalpa, que acompa\u00f1an la causa compartiendo los regalos que Dios les concede, y a las familias que nos han acogido en la humildad y sencillez de sus hogares.<br \/>\nLos Hermanos de la Custodia Mar\u00eda Madre de Misericordia en Centroam\u00e9rica y la Provincia de Nuestra Se\u00f1ora Consoladora de los Afligidos en Estados Unidos, con sumo cuidado y responsabilidad, contin\u00faan el desarrollo del proceso preliminar diocesano de la causa de Fray Casimiro, para que con el favor y ayuda de Dios, sea presentado y considerado por la Santa Madre Iglesia, como un modelo de seguimiento de Jes\u00fas, a ejemplo de San Francisco y los dem\u00e1s santos franciscanos.<\/p>\n<p style=\"text-align: right;\">Fray Juan Alonzo PAGOADA ACOSTA, Vice postulador de la causa<\/p>\nngg_shortcode_0_placeholder\n","protected":false},"excerpt":{"rendered":"<p>\u00bfTe has preguntado alguna vez c\u00f3mo convertir en extraordinarias las cosas ordinarias de tu vida? Eso es lo que Fray Casimiro CYPHER, asesinado el 25 de junio de 1975 en Olancho-Honduras junto con 13 personas m\u00e1s, realiz\u00f3 durante su vida. Los Hermanos Menores Conventuales de la Custodia Mar\u00eda Madre de Misericordia en Centro Am\u00e9rica, junto [&hellip;]<\/p>\n","protected":false},"author":1,"featured_media":46873,"comment_status":"closed","ping_status":"open","sticky":false,"template":"","format":"standard","meta":{"ngg_post_thumbnail":0,"footnotes":""},"categories":[150,136,145],"tags":[2260,2097],"class_list":["post-46877","post","type-post","status-publish","format-standard","has-post-thumbnail","category-noticias","category-oficinas-generales","category-postulatore-es","tag-casimir-cypher-es","tag-centroamerica"],"_links":{"self":[{"href":"https:\/\/www.ofmconv.net\/es\/wp-json\/wp\/v2\/posts\/46877","targetHints":{"allow":["GET"]}}],"collection":[{"href":"https:\/\/www.ofmconv.net\/es\/wp-json\/wp\/v2\/posts"}],"about":[{"href":"https:\/\/www.ofmconv.net\/es\/wp-json\/wp\/v2\/types\/post"}],"author":[{"embeddable":true,"href":"https:\/\/www.ofmconv.net\/es\/wp-json\/wp\/v2\/users\/1"}],"replies":[{"embeddable":true,"href":"https:\/\/www.ofmconv.net\/es\/wp-json\/wp\/v2\/comments?post=46877"}],"version-history":[{"count":0,"href":"https:\/\/www.ofmconv.net\/es\/wp-json\/wp\/v2\/posts\/46877\/revisions"}],"wp:featuredmedia":[{"embeddable":true,"href":"https:\/\/www.ofmconv.net\/es\/wp-json\/wp\/v2\/media\/46873"}],"wp:attachment":[{"href":"https:\/\/www.ofmconv.net\/es\/wp-json\/wp\/v2\/media?parent=46877"}],"wp:term":[{"taxonomy":"category","embeddable":true,"href":"https:\/\/www.ofmconv.net\/es\/wp-json\/wp\/v2\/categories?post=46877"},{"taxonomy":"post_tag","embeddable":true,"href":"https:\/\/www.ofmconv.net\/es\/wp-json\/wp\/v2\/tags?post=46877"}],"curies":[{"name":"wp","href":"https:\/\/api.w.org\/{rel}","templated":true}]}}