{"id":47150,"date":"2022-07-23T12:28:50","date_gmt":"2022-07-23T10:28:50","guid":{"rendered":"https:\/\/ofmconv.net\/uganda-conclusione-del-corso-per-i-missionari\/"},"modified":"2022-07-26T16:31:05","modified_gmt":"2022-07-26T14:31:05","slug":"uganda-conclusione-del-corso-per-i-missionari","status":"publish","type":"post","link":"https:\/\/www.ofmconv.net\/es\/uganda-conclusione-del-corso-per-i-missionari\/","title":{"rendered":"Uganda: conclusi\u00f3n del curso para misioneros"},"content":{"rendered":"<p><strong>El 22 de julio de 2022 finaliz\u00f3 en Kampala &#8211; Uganda el curso para misioneros de las tres \u00d3rdenes franciscanas: OFMConv, OFM y OFMCap. La Santa Misa de clausura cont\u00f3 con la presencia del Vicario general, Fray Jan MACIEJOWSKI, que proclam\u00f3 la Palabra de Dios y entreg\u00f3 a cada participante los diplomas de finalizaci\u00f3n del curso.<\/strong><\/p>\n<p>Este encuentro fue una continuaci\u00f3n de los anteriores cursos organizados en Bruselas &#8211; B\u00e9lgica. Tras la interrupci\u00f3n causada por la pandemia, se ide\u00f3 una nueva f\u00f3rmula que hace hincapi\u00e9 en la contextualizaci\u00f3n de la vocaci\u00f3n misionera, organizando el curso en el contexto de la labor misionera actual y futura de los franciscanos en \u00c1frica.<br \/>\nDurante las seis semanas, la parte te\u00f3rica del curso abarc\u00f3 temas como: el concepto de continente africano, la historia de la evangelizaci\u00f3n en \u00c1frica, los fundamentos de la misionolog\u00eda, la misi\u00f3n y la inculturaci\u00f3n en \u00c1frica, la misi\u00f3n y el di\u00e1logo, la misi\u00f3n y la econom\u00eda, las misiones y los nuevos are\u00f3pagos en \u00c1frica.<br \/>\nLa parte te\u00f3rica se complement\u00f3 con la oportunidad de conocer c\u00f3mo nuestros hermanos realizan pr\u00e1cticamente su vocaci\u00f3n misionera. Los participantes pudieron visitar comunidades franciscanas y conocer diversos servicios pastorales (parroquias, centros de salud, escuelas, etc.), as\u00ed como lugares de culto de otras religiones o denominaciones cristianas.<br \/>\nCabe destacar tambi\u00e9n la dimensi\u00f3n espiritual del curso, que recibi\u00f3 un car\u00e1cter especial de la Bas\u00edlica de los M\u00e1rtires Ugandeses de Munyonyo, lugar donde tuvo inicio el camino hacia el martirio de San Carlos Lwanga y sus compa\u00f1eros.<br \/>\nEn nombre de todos los participantes, agradecemos a los hermanos de la Delegaci\u00f3n provincial de Uganda la acogida tan fraternal. Un agradecimiento especial a la fraternidad OFMConv de Kampala-Munyonyo.<br \/>\nEl curso comenz\u00f3 en la fiesta de San Antonio de Padua, que ard\u00eda en deseos de ser misionero y m\u00e1rtir, y concluy\u00f3 en la fiesta de Santa Mar\u00eda Magdalena, &#8220;ap\u00f3stol de los ap\u00f3stoles&#8221;. Por lo tanto, parece que el calendario lit\u00fargico no fue casual, ya que sugiri\u00f3 a los participantes que la vocaci\u00f3n misionera est\u00e1 ligada a la b\u00fasqueda de la santidad y a su puesta en pr\u00e1ctica all\u00ed donde el Se\u00f1or Dios nos env\u00eda, tanto a los que est\u00e1n lejos como a los que est\u00e1n cerca.<\/p>\n<p style=\"text-align: right;\">Fray Dariusz MAZUREK, Delegado general para la Animaci\u00f3n Misionera.<\/p>\nngg_shortcode_0_placeholder\n","protected":false},"excerpt":{"rendered":"<p>El 22 de julio de 2022 finaliz\u00f3 en Kampala &#8211; Uganda el curso para misioneros de las tres \u00d3rdenes franciscanas: OFMConv, OFM y OFMCap. La Santa Misa de clausura cont\u00f3 con la presencia del Vicario general, Fray Jan MACIEJOWSKI, que proclam\u00f3 la Palabra de Dios y entreg\u00f3 a cada participante los diplomas de finalizaci\u00f3n del [&hellip;]<\/p>\n","protected":false},"author":1,"featured_media":47146,"comment_status":"closed","ping_status":"open","sticky":false,"template":"","format":"standard","meta":{"ngg_post_thumbnail":0,"footnotes":""},"categories":[99,133,150,136,128],"tags":[1817,831,832,2054,1411],"class_list":["post-47150","post","type-post","status-publish","format-standard","has-post-thumbnail","category-afcof-es","category-federaciones","category-noticias","category-oficinas-generales","category-sgam-es","tag-corso-es","tag-curso","tag-misioneros","tag-missionari-es","tag-uganda-en-pl-es"],"_links":{"self":[{"href":"https:\/\/www.ofmconv.net\/es\/wp-json\/wp\/v2\/posts\/47150","targetHints":{"allow":["GET"]}}],"collection":[{"href":"https:\/\/www.ofmconv.net\/es\/wp-json\/wp\/v2\/posts"}],"about":[{"href":"https:\/\/www.ofmconv.net\/es\/wp-json\/wp\/v2\/types\/post"}],"author":[{"embeddable":true,"href":"https:\/\/www.ofmconv.net\/es\/wp-json\/wp\/v2\/users\/1"}],"replies":[{"embeddable":true,"href":"https:\/\/www.ofmconv.net\/es\/wp-json\/wp\/v2\/comments?post=47150"}],"version-history":[{"count":0,"href":"https:\/\/www.ofmconv.net\/es\/wp-json\/wp\/v2\/posts\/47150\/revisions"}],"wp:featuredmedia":[{"embeddable":true,"href":"https:\/\/www.ofmconv.net\/es\/wp-json\/wp\/v2\/media\/47146"}],"wp:attachment":[{"href":"https:\/\/www.ofmconv.net\/es\/wp-json\/wp\/v2\/media?parent=47150"}],"wp:term":[{"taxonomy":"category","embeddable":true,"href":"https:\/\/www.ofmconv.net\/es\/wp-json\/wp\/v2\/categories?post=47150"},{"taxonomy":"post_tag","embeddable":true,"href":"https:\/\/www.ofmconv.net\/es\/wp-json\/wp\/v2\/tags?post=47150"}],"curies":[{"name":"wp","href":"https:\/\/api.w.org\/{rel}","templated":true}]}}