{"id":48376,"date":"2022-09-14T15:39:02","date_gmt":"2022-09-14T13:39:02","guid":{"rendered":"https:\/\/ofmconv.net\/malta-messa-solenne-di-ringraziamento-per-lordinazione-sacerdotale\/"},"modified":"2022-09-14T15:43:27","modified_gmt":"2022-09-14T13:43:27","slug":"malta-messa-solenne-di-ringraziamento-per-lordinazione-sacerdotale","status":"publish","type":"post","link":"https:\/\/www.ofmconv.net\/es\/malta-messa-solenne-di-ringraziamento-per-lordinazione-sacerdotale\/","title":{"rendered":"Malta: Misa solemne de acci\u00f3n de gracias por la Ordenaci\u00f3n sacerdotal"},"content":{"rendered":"<p><strong>El 14 de mayo de 2022, Fray Robert CALLEJA, de la Provincia de San Pablo Ap\u00f3stol en Malta, fue ordenado sacerdote por el Arzobispo de Malta Mons. Charles J. SCICLUNA, en la Catedral de San Pablo de Medina. Junto con Fray Robert, fueron ordenados otros dos sacerdotes diocesanos.<\/strong><\/p>\n<p>La primera Misa se celebr\u00f3 al d\u00eda siguiente de la ordenaci\u00f3n, en la iglesia de San Francisco de Rabat, donde tambi\u00e9n hay un peque\u00f1o pero importante Santuario dedicado a Santa Mar\u00eda de la Salud. S\u00f3lo la familia de Fray Robert y los hermanos malteses estuvieron presentes en esta Misa. Pocas personas pudieron asistir para agradecer a Dios el don del sacerdocio, s\u00f3lo las dos familias, la natural y los hermanos Conventuales.<br \/>\nPor eso, el 25 de agosto de 2022, Fray Robert celebr\u00f3 una Misa solemne de acci\u00f3n de gracias a Dios por el don del sacerdocio en la iglesia de San Francisco de Birkirkara, una iglesia muy querida por Fray Robert. En esta celebraci\u00f3n estuvieron presentes los hermanos de Malta, toda la familia de Fray Robert, benefactores y muchos amigos. Los cantos fueron dirigidos por el coro \u201cThe New Choral Singers\u201d, que Fray Robert dirigi\u00f3 durante 10 a\u00f1os justo antes de entrar en la Orden. Tras la Misa solemne, todos los presentes continuaron los festejos en una sala de recepci\u00f3n cercana.<\/p>\n<p style=\"text-align: right;\">Fray Robert CALLEJA<\/p>\nngg_shortcode_0_placeholder\n","protected":false},"excerpt":{"rendered":"<p>El 14 de mayo de 2022, Fray Robert CALLEJA, de la Provincia de San Pablo Ap\u00f3stol en Malta, fue ordenado sacerdote por el Arzobispo de Malta Mons. Charles J. SCICLUNA, en la Catedral de San Pablo de Medina. Junto con Fray Robert, fueron ordenados otros dos sacerdotes diocesanos. La primera Misa se celebr\u00f3 al d\u00eda [&hellip;]<\/p>\n","protected":false},"author":1,"featured_media":48372,"comment_status":"closed","ping_status":"open","sticky":false,"template":"","format":"standard","meta":{"ngg_post_thumbnail":0,"footnotes":""},"categories":[133,116,150],"tags":[1164,731],"class_list":["post-48376","post","type-post","status-publish","format-standard","has-post-thumbnail","category-federaciones","category-fimp-es","category-noticias","tag-malta-es","tag-ordenacion-presbiteral"],"_links":{"self":[{"href":"https:\/\/www.ofmconv.net\/es\/wp-json\/wp\/v2\/posts\/48376","targetHints":{"allow":["GET"]}}],"collection":[{"href":"https:\/\/www.ofmconv.net\/es\/wp-json\/wp\/v2\/posts"}],"about":[{"href":"https:\/\/www.ofmconv.net\/es\/wp-json\/wp\/v2\/types\/post"}],"author":[{"embeddable":true,"href":"https:\/\/www.ofmconv.net\/es\/wp-json\/wp\/v2\/users\/1"}],"replies":[{"embeddable":true,"href":"https:\/\/www.ofmconv.net\/es\/wp-json\/wp\/v2\/comments?post=48376"}],"version-history":[{"count":0,"href":"https:\/\/www.ofmconv.net\/es\/wp-json\/wp\/v2\/posts\/48376\/revisions"}],"wp:featuredmedia":[{"embeddable":true,"href":"https:\/\/www.ofmconv.net\/es\/wp-json\/wp\/v2\/media\/48372"}],"wp:attachment":[{"href":"https:\/\/www.ofmconv.net\/es\/wp-json\/wp\/v2\/media?parent=48376"}],"wp:term":[{"taxonomy":"category","embeddable":true,"href":"https:\/\/www.ofmconv.net\/es\/wp-json\/wp\/v2\/categories?post=48376"},{"taxonomy":"post_tag","embeddable":true,"href":"https:\/\/www.ofmconv.net\/es\/wp-json\/wp\/v2\/tags?post=48376"}],"curies":[{"name":"wp","href":"https:\/\/api.w.org\/{rel}","templated":true}]}}