{"id":49538,"date":"2022-10-15T18:10:53","date_gmt":"2022-10-15T16:10:53","guid":{"rendered":"https:\/\/ofmconv.net\/spagna-professione-solenne-di-due-confratelli\/"},"modified":"2022-10-15T18:18:02","modified_gmt":"2022-10-15T16:18:02","slug":"spagna-professione-solenne-di-due-confratelli","status":"publish","type":"post","link":"https:\/\/www.ofmconv.net\/es\/spagna-professione-solenne-di-due-confratelli\/","title":{"rendered":"Espa\u00f1a: Profesi\u00f3n solemne de dos hermanos"},"content":{"rendered":"<p><strong>El s\u00e1bado 1 de octubre de 2022, a escasos tres d\u00edas de la solemnidad de Nuestro Padre san Francisco, la Provincia de Espa\u00f1a vivi\u00f3 una jornada de alegr\u00eda fraterna y de gratitud al Se\u00f1or por la profesi\u00f3n solemne de dos hermanos: Fray C\u00e9sar Antonio EUCEDA CHAVER y Fray Alejandro Mar\u00eda ALDAVERO ROMERO.<\/strong><\/p>\n<p>La celebraci\u00f3n tuvo lugar en la iglesia conventual de santa Clara de Madrid (Convento de san Buenaventura, sede de la Curia provincial) y estuvo presidida por el Ministro provincial, Fray Juan Antonio AD\u00c1NEZ SILV\u00c1N, que recibi\u00f3 los votos.<br \/>\nAsistieron un buen n\u00famero de hermanos de los diferentes Conventos de la Provincia, sacerdotes, familiares y amigos. El rostro de los neoprofesos expresaba la emoci\u00f3n del momento y la gratitud al alt\u00edsimo y buen Se\u00f1or por haber querido llamarles a su seguimiento tras las huellas del Pobre de As\u00eds en nuestra Orden.<br \/>\nEl Ministro provincial destac\u00f3 en su vibrante homil\u00eda la \u00abenorme valent\u00eda\u00bb de estos dos hermanos en una \u00e9poca tan dif\u00edcil como la nuestra, \u00ab\u00e9poca del metaverso\u00bb, es decir, donde se busca vivir una realidad alternativa sin compromiso ni entrega. O lo que es lo mismo: sin movernos de nuestra habitaci\u00f3n o zona de confort. Igualmente, les alent\u00f3, siguiendo el camino trazado por san Francisco y todos nuestros santos, a \u00abser luz en medio de la oscuridad\u00bb y \u00abpaleta de colores\u00bb con la que ayudar a los hombres de nuestro tiempo a mirar con los ojos de Cristo y ver m\u00e1s all\u00e1 de las apariencias. Para nosotros, franciscanos conventuales, la clave de nuestra misi\u00f3n ha estado y sigue estando en nuestra vida pobre, humilde y verdaderamente fraterna.<br \/>\nDamos gracias a Dios por la vida y la vocaci\u00f3n de Fray C\u00e9sar y Fray Alejandro Mar\u00eda. Pedimos para ellos la abundancia de los dones del Esp\u00edritu Santo, para que \u201cpurificados, iluminados y encendidos\u2026 puedan seguir las huellas de Cristo\u201d (cfr. Carta a la Orden) \u201ccum grande humilitate\u201d (cfr. C\u00e1ntico del hermano sol). Que Santa Mar\u00eda de Montserrat, patrona y gu\u00eda de la Provincia espa\u00f1ola, les cubra con su manto de luz y misericordia.<\/p>\n<p style=\"text-align: right;\">Fray Abel Jes\u00fas GARC\u00cdA-CEZ\u00d3N ROLD\u00c1N<\/p>\nngg_shortcode_0_placeholder\n","protected":false},"excerpt":{"rendered":"<p>El s\u00e1bado 1 de octubre de 2022, a escasos tres d\u00edas de la solemnidad de Nuestro Padre san Francisco, la Provincia de Espa\u00f1a vivi\u00f3 una jornada de alegr\u00eda fraterna y de gratitud al Se\u00f1or por la profesi\u00f3n solemne de dos hermanos: Fray C\u00e9sar Antonio EUCEDA CHAVER y Fray Alejandro Mar\u00eda ALDAVERO ROMERO. La celebraci\u00f3n tuvo [&hellip;]<\/p>\n","protected":false},"author":1,"featured_media":49534,"comment_status":"closed","ping_status":"open","sticky":false,"template":"","format":"standard","meta":{"ngg_post_thumbnail":0,"footnotes":""},"categories":[133,116,150],"tags":[901,1197],"class_list":["post-49538","post","type-post","status-publish","format-standard","has-post-thumbnail","category-federaciones","category-fimp-es","tag-espana","tag-profesion-solemne"],"_links":{"self":[{"href":"https:\/\/www.ofmconv.net\/es\/wp-json\/wp\/v2\/posts\/49538","targetHints":{"allow":["GET"]}}],"collection":[{"href":"https:\/\/www.ofmconv.net\/es\/wp-json\/wp\/v2\/posts"}],"about":[{"href":"https:\/\/www.ofmconv.net\/es\/wp-json\/wp\/v2\/types\/post"}],"author":[{"embeddable":true,"href":"https:\/\/www.ofmconv.net\/es\/wp-json\/wp\/v2\/users\/1"}],"replies":[{"embeddable":true,"href":"https:\/\/www.ofmconv.net\/es\/wp-json\/wp\/v2\/comments?post=49538"}],"version-history":[{"count":0,"href":"https:\/\/www.ofmconv.net\/es\/wp-json\/wp\/v2\/posts\/49538\/revisions"}],"wp:featuredmedia":[{"embeddable":true,"href":"https:\/\/www.ofmconv.net\/es\/wp-json\/wp\/v2\/media\/49534"}],"wp:attachment":[{"href":"https:\/\/www.ofmconv.net\/es\/wp-json\/wp\/v2\/media?parent=49538"}],"wp:term":[{"taxonomy":"category","embeddable":true,"href":"https:\/\/www.ofmconv.net\/es\/wp-json\/wp\/v2\/categories?post=49538"},{"taxonomy":"post_tag","embeddable":true,"href":"https:\/\/www.ofmconv.net\/es\/wp-json\/wp\/v2\/tags?post=49538"}],"curies":[{"name":"wp","href":"https:\/\/api.w.org\/{rel}","templated":true}]}}