{"id":49558,"date":"2022-10-17T12:14:09","date_gmt":"2022-10-17T10:14:09","guid":{"rendered":"https:\/\/ofmconv.net\/napoli-guardando-lorizzonte-visita-del-ministro-generale-e-del-procuratore-generale\/"},"modified":"2022-10-17T12:42:31","modified_gmt":"2022-10-17T10:42:31","slug":"napoli-guardando-lorizzonte-visita-del-ministro-generale-e-del-procuratore-generale","status":"publish","type":"post","link":"https:\/\/www.ofmconv.net\/es\/napoli-guardando-lorizzonte-visita-del-ministro-generale-e-del-procuratore-generale\/","title":{"rendered":"N\u00e1poles: \u00abMirando al horizonte\u00bb. Visita del Ministro general y del Procurador general"},"content":{"rendered":"<p><strong>En dos d\u00edas, el 6 y 7 de octubre de 2022, el Ministro general Fray Carlos A. TROVARELLI y el Procurador general Fray Maurizio DI PAOLO se reunieron con los hermanos de la Provincia del Ser\u00e1fico Padre San Francisco en Italia [N\u00e1poles], en <em>Nocera Inferiore<\/em> en dos turnos.<\/strong><\/p>\n<p>Las intervenciones de los visitadores, puntuales y fraternas, han recordado las tres dimensiones identificadas como prioritarias por el \u00faltimo Cap\u00edtulo provincial, a saber: la vida fraterna y espiritual, la econom\u00eda y la reestructuraci\u00f3n de la Provincia (cf. Moci\u00f3n n. 15 del Cap\u00edtulo general de 2019).<\/p>\n<p><em>La vida espiritual y fraterna<\/em><br \/>\nCitando algunos art\u00edculos de las Constituciones, Fray Carlos se\u00f1al\u00f3 una posible lista de los rasgos de identidad del estilo de vida y misi\u00f3n de los Hermanos Menores Conventuales, cuyo fundamento absoluto es la Sant\u00edsima Trinidad. De ello se desprende que el Evangelio ha de vivirse en comuni\u00f3n fraterna, con relaciones humanizadoras <em>ad intra<\/em> y <em>ad extra<\/em>, en el servicio humilde de la minoridad. La conventualidad se manifiesta as\u00ed en la participaci\u00f3n activa y corresponsable en la vida fraterna, activa y contemplativa.<\/p>\n<p><em>Econom\u00eda, trabajo y puesta en com\u00fan<\/em><br \/>\nCon la ayuda de <em>PowerPoint<\/em>, Fray Maurizio trat\u00f3 el tema de la econom\u00eda expuesto punto por punto en el Proyecto Provincial Cuatrienal (PPC), con el objetivo de vivir la gracia del trabajo y del compartir como verdaderos Hermanos Menores. Es necesario que la econom\u00eda no se reduzca a meras evaluaciones contables: de hecho, no hay que olvidar que se trata de un aspecto determinante de uno de los rasgos fundamentales de la vida religiosa, la pobreza prometida en el momento de la Profesi\u00f3n.<br \/>\nUno de los nombres que menor definen el ideal de la pobreza religiosa es precisamente el compartir, la puesta en com\u00fan. Poner en com\u00fan, compartir los bienes, significa tener plena conciencia de pertenecer a la familia y su carisma. Una novedad se refiere al canon 1376 del C\u00f3digo de Derecho Can\u00f3nico; ha sido modificado como \u201cProtecci\u00f3n de los abusos econ\u00f3micos\u201d con dos nuevos p\u00e1rrafos que prev\u00e9n sanciones para quienes sustraen o enajenan los bienes eclesi\u00e1sticos sin la debida autorizaci\u00f3n y para quienes son declarados negligentes en la administraci\u00f3n de los bienes eclesi\u00e1sticos.<\/p>\n<p><em>La reestructuraci\u00f3n de la Provincia<\/em><br \/>\nLas dos tardes se dedicaron a la reestructuraci\u00f3n o redise\u00f1o de la Provincia y a las aclaraciones correspondientes.<br \/>\nFray Carlos se refiri\u00f3 a su mensaje del 4 de octubre de 2022, se\u00f1alando que los rasgos caracter\u00edsticos del estilo conventual en nuestras Constituciones enfatizan el estilo fraterno-menor de nuestra forma de vida. Estas referencias no tienen una finalidad pragm\u00e1tica (es decir, la fraternidad entendida como simple vida en comunidad, o como posibilidad de realizar mejor diversos servicios ministeriales), sino como elemento constitutivo y esencial. El Evangelio de Jesucristo es nuestro proyecto de vida y de misi\u00f3n, y este proyecto se realiza en la comuni\u00f3n fraterna, la minoridad, la penitencia, la conversi\u00f3n, la fidelidad a la Iglesia y la consagraci\u00f3n total seg\u00fan los consejos evang\u00e9licos.<br \/>\nPor \u00faltimo, Fray Carlos se\u00f1al\u00f3 que, siendo el redise\u00f1o de la Provincia (como se indica en la Moci\u00f3n n. 15 del Cap\u00edtulo general de 2019) el tercer objetivo despu\u00e9s de la vida fraterna-espiritual y de la econom\u00eda, hay que decir que no existe un redise\u00f1o provincial concebido s\u00f3lo como organizaci\u00f3n estrat\u00e9gica. El verdadero redise\u00f1o debe ser ante todo espiritual y fraterno, orientado a la vida comunitaria del Evangelio y seg\u00fan los consejos evang\u00e9licos, y nuestra legislaci\u00f3n particular. Por tanto, urge un redise\u00f1o espiritual y fraterno, y tambi\u00e9n del plano provincial, es decir, la estructural: Conventos, obras, etc. Las dos v\u00edas de redise\u00f1o (fraterna-espiritual y estructural) se condicionan y apoyan mutuamente.<\/p>\n<p style=\"text-align: right;\">Fray Giorgio TUFANO.<\/p>\nngg_shortcode_0_placeholder\n","protected":false},"excerpt":{"rendered":"<p>En dos d\u00edas, el 6 y 7 de octubre de 2022, el Ministro general Fray Carlos A. TROVARELLI y el Procurador general Fray Maurizio DI PAOLO se reunieron con los hermanos de la Provincia del Ser\u00e1fico Padre San Francisco en Italia [N\u00e1poles], en Nocera Inferiore en dos turnos. Las intervenciones de los visitadores, puntuales y [&hellip;]<\/p>\n","protected":false},"author":1,"featured_media":49554,"comment_status":"closed","ping_status":"open","sticky":false,"template":"","format":"standard","meta":{"ngg_post_thumbnail":0,"footnotes":""},"categories":[133,116,150],"tags":[1442,424,1888,678],"class_list":["post-49558","post","type-post","status-publish","format-standard","has-post-thumbnail","category-federaciones","category-fimp-es","category-noticias","tag-italia-napoles","tag-ministro-general","tag-procurador","tag-visita-es"],"_links":{"self":[{"href":"https:\/\/www.ofmconv.net\/es\/wp-json\/wp\/v2\/posts\/49558","targetHints":{"allow":["GET"]}}],"collection":[{"href":"https:\/\/www.ofmconv.net\/es\/wp-json\/wp\/v2\/posts"}],"about":[{"href":"https:\/\/www.ofmconv.net\/es\/wp-json\/wp\/v2\/types\/post"}],"author":[{"embeddable":true,"href":"https:\/\/www.ofmconv.net\/es\/wp-json\/wp\/v2\/users\/1"}],"replies":[{"embeddable":true,"href":"https:\/\/www.ofmconv.net\/es\/wp-json\/wp\/v2\/comments?post=49558"}],"version-history":[{"count":0,"href":"https:\/\/www.ofmconv.net\/es\/wp-json\/wp\/v2\/posts\/49558\/revisions"}],"wp:featuredmedia":[{"embeddable":true,"href":"https:\/\/www.ofmconv.net\/es\/wp-json\/wp\/v2\/media\/49554"}],"wp:attachment":[{"href":"https:\/\/www.ofmconv.net\/es\/wp-json\/wp\/v2\/media?parent=49558"}],"wp:term":[{"taxonomy":"category","embeddable":true,"href":"https:\/\/www.ofmconv.net\/es\/wp-json\/wp\/v2\/categories?post=49558"},{"taxonomy":"post_tag","embeddable":true,"href":"https:\/\/www.ofmconv.net\/es\/wp-json\/wp\/v2\/tags?post=49558"}],"curies":[{"name":"wp","href":"https:\/\/api.w.org\/{rel}","templated":true}]}}