{"id":49914,"date":"2022-10-26T10:17:51","date_gmt":"2022-10-26T08:17:51","guid":{"rendered":"https:\/\/ofmconv.net\/brasile-ordinazione-sacerdotale-e-accolitato\/"},"modified":"2022-10-26T10:24:55","modified_gmt":"2022-10-26T08:24:55","slug":"brasile-ordinazione-sacerdotale-e-accolitato","status":"publish","type":"post","link":"https:\/\/www.ofmconv.net\/es\/brasile-ordinazione-sacerdotale-e-accolitato\/","title":{"rendered":"Brasil: Ordenaci\u00f3n sacerdotal y acolitado"},"content":{"rendered":"<p><strong>La Custodia provincial de la Inmaculada Concepci\u00f3n de la Sant\u00edsima Virgen Mar\u00eda en Brasil celebr\u00f3 el 22 de octubre de 2022, en el Santuario <em>Jardim da Imaculada<\/em> en Cidade Ocidental (Goi\u00e1s-Brasil), la Ordenaci\u00f3n presbiteral de Fray Jesus RODRIGUES DO AMARAL.<\/strong><\/p>\n<p>Fray Jesus recibi\u00f3 la Ordenaci\u00f3n por la imposici\u00f3n de manos del Obispo Em\u00e9rito del Ordinariato Militar de Brasil Mons. Fernando Jos\u00e9 MONTEIRO GUIMAR\u00c3ES. La celebraci\u00f3n cont\u00f3 con la presencia del Custodio provincial Fray Carlos Roberto de Oliveira CHARLES, el Ministro de la Provincia de San Maximiliano M. Kolbe en Brasil Fray Gilberto DE JESUS RODRIGUES, hermanos, amigos y familiares.<br \/>\nFray Jesus eligi\u00f3 como lema de su Ordenaci\u00f3n el pasaje evang\u00e9lico: \u201c No son ustedes los que me eligieron a m\u00ed, sino yo el que los eleg\u00ed a ustedes\u201d (Jn 15,16).<br \/>\nEl d\u00eda anterior, 21 de octubre, en la Capilla del Seminario San Francisco de As\u00eds de Brasilia, el Custodio Fray Carlos Roberto presidi\u00f3 la Eucarist\u00eda en la que Fray Fernando PEREIRA DE ANDRADE JUNIOR renov\u00f3 sus votos simples y recibi\u00f3 el ministerio del acolitado.<br \/>\nRecemos por Fray Jesus y Fray Fernando, para que el Esp\u00edritu Santo los configure con nuestro Se\u00f1or Jesucristo pobre, humilde y crucificado.<\/p>\n<p style=\"text-align: right;\">Fray Willian Gomes MENDON\u00c7A, Secretario custodial.<\/p>\nngg_shortcode_0_placeholder\n","protected":false},"excerpt":{"rendered":"<p>La Custodia provincial de la Inmaculada Concepci\u00f3n de la Sant\u00edsima Virgen Mar\u00eda en Brasil celebr\u00f3 el 22 de octubre de 2022, en el Santuario Jardim da Imaculada en Cidade Ocidental (Goi\u00e1s-Brasil), la Ordenaci\u00f3n presbiteral de Fray Jesus RODRIGUES DO AMARAL. Fray Jesus recibi\u00f3 la Ordenaci\u00f3n por la imposici\u00f3n de manos del Obispo Em\u00e9rito del Ordinariato [&hellip;]<\/p>\n","protected":false},"author":1,"featured_media":49910,"comment_status":"closed","ping_status":"open","sticky":false,"template":"","format":"standard","meta":{"ngg_post_thumbnail":0,"footnotes":""},"categories":[109,133,150],"tags":[2441,1500,731],"class_list":["post-49914","post","type-post","status-publish","format-standard","has-post-thumbnail","category-falc-es","category-federaciones","category-noticias","tag-acolitado","tag-brasil-imm","tag-ordenacion-presbiteral"],"_links":{"self":[{"href":"https:\/\/www.ofmconv.net\/es\/wp-json\/wp\/v2\/posts\/49914","targetHints":{"allow":["GET"]}}],"collection":[{"href":"https:\/\/www.ofmconv.net\/es\/wp-json\/wp\/v2\/posts"}],"about":[{"href":"https:\/\/www.ofmconv.net\/es\/wp-json\/wp\/v2\/types\/post"}],"author":[{"embeddable":true,"href":"https:\/\/www.ofmconv.net\/es\/wp-json\/wp\/v2\/users\/1"}],"replies":[{"embeddable":true,"href":"https:\/\/www.ofmconv.net\/es\/wp-json\/wp\/v2\/comments?post=49914"}],"version-history":[{"count":0,"href":"https:\/\/www.ofmconv.net\/es\/wp-json\/wp\/v2\/posts\/49914\/revisions"}],"wp:featuredmedia":[{"embeddable":true,"href":"https:\/\/www.ofmconv.net\/es\/wp-json\/wp\/v2\/media\/49910"}],"wp:attachment":[{"href":"https:\/\/www.ofmconv.net\/es\/wp-json\/wp\/v2\/media?parent=49914"}],"wp:term":[{"taxonomy":"category","embeddable":true,"href":"https:\/\/www.ofmconv.net\/es\/wp-json\/wp\/v2\/categories?post=49914"},{"taxonomy":"post_tag","embeddable":true,"href":"https:\/\/www.ofmconv.net\/es\/wp-json\/wp\/v2\/tags?post=49914"}],"curies":[{"name":"wp","href":"https:\/\/api.w.org\/{rel}","templated":true}]}}