{"id":50083,"date":"2022-10-29T09:22:10","date_gmt":"2022-10-29T07:22:10","guid":{"rendered":"https:\/\/ofmconv.net\/amantea-calabria-nuovo-parroco-e-nuova-comunita-dei-frati\/"},"modified":"2022-10-29T09:25:32","modified_gmt":"2022-10-29T07:25:32","slug":"amantea-calabria-nuovo-parroco-e-nuova-comunita-dei-frati","status":"publish","type":"post","link":"https:\/\/www.ofmconv.net\/es\/amantea-calabria-nuovo-parroco-e-nuova-comunita-dei-frati\/","title":{"rendered":"Amantea-Calabria: nuevo P\u00e1rroco y comunidad de hermanos"},"content":{"rendered":"<p><strong>En la tarde del domingo 16 de octubre de 2022, en Amantea (Cosenza-Italia), se celebr\u00f3 la solemne toma de posesi\u00f3n de Fray Jacek PINKOSZ, de la Provincia de la Madre de Dios Inmaculada en Polonia (Varsovia), como nuevo P\u00e1rroco de la Parroquia de San Blas, as\u00ed como nuevo Guardi\u00e1n del Convento de San Bernardino.<\/strong><\/p>\n<p>La Santa Misa fue presidida por Mons. Giuseppe PIEMONTESE Administrador Apost\u00f3lico de la Di\u00f3cesis de Cosenza-Bisignano. Fray Miros\u0142aw BARTOS, Vicario de la Provincia de Varsovia, junto con varios p\u00e1rrocos y religiosos locales, particip\u00f3 en la concelebraci\u00f3n. Entre los asistentes se encontraban varios representantes de asociaciones de la ciudad, numerosos feligreses e invitados. Durante la Eucarist\u00eda, Mons. PIEMONTESE expres\u00f3 su alegr\u00eda y confianza en los hermanos reci\u00e9n llegados, que seguir\u00e1n realizando una excelente labor pastoral y franciscana en Amantea, que hasta el comienzo de este verano (2022) estaba asegurada por los hermanos de la Custodia provincial de los Santos Daniel y Compa\u00f1eros M\u00e1rtires in Italia (Calabria).<br \/>\nDeseamos a nuestros hermanos de la Provincia de Varsovia, que sustituyen a los hermanos de la Custodia de Calabria, un fruct\u00edfero servicio pastoral a esta porci\u00f3n del reba\u00f1o de Dios confiada a nuestra Orden Franciscana Conventual.<\/p>\n<p style=\"text-align: right;\">Oficina de Comunicaciones<\/p>\nngg_shortcode_0_placeholder\n","protected":false},"excerpt":{"rendered":"<p>En la tarde del domingo 16 de octubre de 2022, en Amantea (Cosenza-Italia), se celebr\u00f3 la solemne toma de posesi\u00f3n de Fray Jacek PINKOSZ, de la Provincia de la Madre de Dios Inmaculada en Polonia (Varsovia), como nuevo P\u00e1rroco de la Parroquia de San Blas, as\u00ed como nuevo Guardi\u00e1n del Convento de San Bernardino. La [&hellip;]<\/p>\n","protected":false},"author":1,"featured_media":50079,"comment_status":"closed","ping_status":"open","sticky":false,"template":"","format":"standard","meta":{"ngg_post_thumbnail":0,"footnotes":""},"categories":[133,116,150],"tags":[1597],"class_list":["post-50083","post","type-post","status-publish","format-standard","has-post-thumbnail","category-federaciones","category-fimp-es","category-noticias","tag-italia-calabria-es"],"_links":{"self":[{"href":"https:\/\/www.ofmconv.net\/es\/wp-json\/wp\/v2\/posts\/50083","targetHints":{"allow":["GET"]}}],"collection":[{"href":"https:\/\/www.ofmconv.net\/es\/wp-json\/wp\/v2\/posts"}],"about":[{"href":"https:\/\/www.ofmconv.net\/es\/wp-json\/wp\/v2\/types\/post"}],"author":[{"embeddable":true,"href":"https:\/\/www.ofmconv.net\/es\/wp-json\/wp\/v2\/users\/1"}],"replies":[{"embeddable":true,"href":"https:\/\/www.ofmconv.net\/es\/wp-json\/wp\/v2\/comments?post=50083"}],"version-history":[{"count":0,"href":"https:\/\/www.ofmconv.net\/es\/wp-json\/wp\/v2\/posts\/50083\/revisions"}],"wp:featuredmedia":[{"embeddable":true,"href":"https:\/\/www.ofmconv.net\/es\/wp-json\/wp\/v2\/media\/50079"}],"wp:attachment":[{"href":"https:\/\/www.ofmconv.net\/es\/wp-json\/wp\/v2\/media?parent=50083"}],"wp:term":[{"taxonomy":"category","embeddable":true,"href":"https:\/\/www.ofmconv.net\/es\/wp-json\/wp\/v2\/categories?post=50083"},{"taxonomy":"post_tag","embeddable":true,"href":"https:\/\/www.ofmconv.net\/es\/wp-json\/wp\/v2\/tags?post=50083"}],"curies":[{"name":"wp","href":"https:\/\/api.w.org\/{rel}","templated":true}]}}