{"id":50371,"date":"2022-11-09T09:55:16","date_gmt":"2022-11-09T08:55:16","guid":{"rendered":"https:\/\/ofmconv.net\/vaticano-nuovo-capo-ufficio-dicastero-dottrina-della-fede\/"},"modified":"2022-11-09T10:38:28","modified_gmt":"2022-11-09T09:38:28","slug":"vaticano-nuovo-capo-ufficio-dicastero-dottrina-della-fede","status":"publish","type":"post","link":"https:\/\/www.ofmconv.net\/es\/vaticano-nuovo-capo-ufficio-dicastero-dottrina-della-fede\/","title":{"rendered":"Vaticano: nuevo Jefe de Departamento en el Dicasterio para la Doctrina de la Fe"},"content":{"rendered":"<p><strong>El martes 08 de noviembre de 2022, el Papa Francisco nombr\u00f3 a nuestro hermano Fray Francesco PANIZZOLO como Jefe de Departamento en el Dicasterio para la Doctrina de la Fe.<\/strong><\/p>\n<p>Fray Francesco pertenece a la Provincia Italiana de San Antonio de Padua [Norte de Italia]. Naci\u00f3 en Dolo (Venecia) el 05 de julio de 1977, hizo su Profesi\u00f3n simple el 04 de septiembre de 1997, la solemne el 04 de octubre de 2001 y fue Ordenado Sacerdote el 12 de noviembre de 2005.<br \/>\nObtuvo el Doctorado en Derecho Can\u00f3nico en la Pontificia Universidad Lateranense de Roma, y est\u00e1 de familia en el Convento de los Santos XII Ap\u00f3stoles de Roma desde 2018. Hasta ahora ha sido un Oficial del mismo Dicasterio para la Doctrina de la fe y seguir\u00e1 ocup\u00e1ndose de los asuntos disciplinarios relativos a la fe y la moral.<\/p>\n<p style=\"text-align: right;\">La Redacci\u00f3n.<\/p>\n","protected":false},"excerpt":{"rendered":"<p>El martes 08 de noviembre de 2022, el Papa Francisco nombr\u00f3 a nuestro hermano Fray Francesco PANIZZOLO como Jefe de Departamento en el Dicasterio para la Doctrina de la Fe. Fray Francesco pertenece a la Provincia Italiana de San Antonio de Padua [Norte de Italia]. Naci\u00f3 en Dolo (Venecia) el 05 de julio de 1977, [&hellip;]<\/p>\n","protected":false},"author":1,"featured_media":50367,"comment_status":"closed","ping_status":"open","sticky":false,"template":"","format":"standard","meta":{"ngg_post_thumbnail":0,"footnotes":""},"categories":[150,146],"tags":[1526],"class_list":["post-50371","post","type-post","status-publish","format-standard","has-post-thumbnail","category-noticias","category-ufficio-comunicazioni-es","tag-nombramiento"],"_links":{"self":[{"href":"https:\/\/www.ofmconv.net\/es\/wp-json\/wp\/v2\/posts\/50371","targetHints":{"allow":["GET"]}}],"collection":[{"href":"https:\/\/www.ofmconv.net\/es\/wp-json\/wp\/v2\/posts"}],"about":[{"href":"https:\/\/www.ofmconv.net\/es\/wp-json\/wp\/v2\/types\/post"}],"author":[{"embeddable":true,"href":"https:\/\/www.ofmconv.net\/es\/wp-json\/wp\/v2\/users\/1"}],"replies":[{"embeddable":true,"href":"https:\/\/www.ofmconv.net\/es\/wp-json\/wp\/v2\/comments?post=50371"}],"version-history":[{"count":0,"href":"https:\/\/www.ofmconv.net\/es\/wp-json\/wp\/v2\/posts\/50371\/revisions"}],"wp:featuredmedia":[{"embeddable":true,"href":"https:\/\/www.ofmconv.net\/es\/wp-json\/wp\/v2\/media\/50367"}],"wp:attachment":[{"href":"https:\/\/www.ofmconv.net\/es\/wp-json\/wp\/v2\/media?parent=50371"}],"wp:term":[{"taxonomy":"category","embeddable":true,"href":"https:\/\/www.ofmconv.net\/es\/wp-json\/wp\/v2\/categories?post=50371"},{"taxonomy":"post_tag","embeddable":true,"href":"https:\/\/www.ofmconv.net\/es\/wp-json\/wp\/v2\/tags?post=50371"}],"curies":[{"name":"wp","href":"https:\/\/api.w.org\/{rel}","templated":true}]}}