{"id":50411,"date":"2022-11-09T17:39:52","date_gmt":"2022-11-09T16:39:52","guid":{"rendered":"https:\/\/ofmconv.net\/mons-pierbattista-pizzaballa-al-seraphicum-commenta-fratelli-tutti\/"},"modified":"2022-11-09T17:48:04","modified_gmt":"2022-11-09T16:48:04","slug":"mons-pierbattista-pizzaballa-al-seraphicum-commenta-fratelli-tutti","status":"publish","type":"post","link":"https:\/\/www.ofmconv.net\/es\/mons-pierbattista-pizzaballa-al-seraphicum-commenta-fratelli-tutti\/","title":{"rendered":"Mons. Pierbattista PIZZABALLA comenta en el Seraphicum la Enc\u00edclica \u201cFratelli Tutti\u201d"},"content":{"rendered":"<p><strong>El lunes 7 de noviembre de 2022, a las 17:00 horas en la Biblioteca del Seraphicum de Roma, el Patriarca de Jerusal\u00e9n de los Latinos Mons. Pierbattista PIZZABALLA (OFM) ha ofrecido la conferencia titulada: \u201cFratelli Tutti: su recepci\u00f3n en el mundo isl\u00e1mico de Oriente Medio y el di\u00e1logo interreligioso\u201d.<\/strong><\/p>\n<p>El encuentro inici\u00f3 con las palabras de agradecimiento del Decano de la Facultad San Buenaventura Fray Raffaele DI MURO, al Ministro general y Gran Canciller de la Facultad Fray Carlos A. TROVARELLI, al Guardi\u00e1n y Rector del Seraphicum Fray Adam M\u0104CZKA y al Responsable de la Biblioteca Fray \u0141ukasz JANKOWSKI. Fray Raffaele dio la bienvenida a S.E. Card. Fernando FILONI Gran Maestro de la Orden Ecuestre del Santo Sepulcro, a Maria MUNZI IACOBONI Lugarteniente para Italia Central de la Orden del Santo Sepulcro, a Padre Stefano CECCHINI Presidente de la Pontificia Academia Mariana Internacional, a Padre Massimiliano ZANGHERATTI Vicario general del Instituto de los Franciscanos de la Inmaculada, a Tibor KAUSER Ministro general de la Orden Franciscana Seglar, y a todos los Profesores y estudiantes presentes.<br \/>\nFray Raffaele record\u00f3 que durante el a\u00f1o acad\u00e9mico 2021-22, la Facultad activ\u00f3 un curso de formaci\u00f3n superior sobre los delicados temas de la Enc\u00edclica <em>Fratelli Tutti<\/em> del Papa Francisco, y considera una riqueza poder concluir este curso con la presencia de un hombre de Dios que es testigo de las cuestiones cr\u00edticas del di\u00e1logo interreligioso en un lugar tan significativo como Jerusal\u00e9n. Mons. PIZZABALLA, que tiene una larga experiencia en Oriente Medio donde ha sido Custodio de Tierra Santa y hoy Patriarca de Jerusal\u00e9n, ofreci\u00f3 a los presentes su propio testimonio para responder a dos preguntas, a saber, c\u00f3mo fue recibida la Enc\u00edclica <em>Fratelli Tutti<\/em> y cu\u00e1l es la situaci\u00f3n del di\u00e1logo interreligioso en Oriente Medio en la actualidad.<br \/>\nAl final del discurso, los alumnos de los cursos de formaci\u00f3n superior sobre \u201cFratelli Tutti\u201d y sobre \u201cPeriodismo y \u00c9tica\u201d recibieron sus diplomas. En esta misma sede, Fray Raffaele DI MURO y Sor Daniela DEL GAUDIO recibieron el certificado de pertenencia a la Pontificia Academia Mariana Internacional de manos del Presidente de la Academia. Por \u00faltimo, como agradecimiento por su presencia, Mons. PIZZABALLA y el Card. Fernando FILONI recibieron una placa conmemorativa.<br \/>\nEl encuentro finaliz\u00f3 con las palabras de agradecimiento de Fray Carlos TROVARELLI a Mons., PIZZABALLA, acogido no s\u00f3lo como Patriarca sino tambi\u00e9n y sobre todo como hermano, quien record\u00f3 a todos los franciscanos su compromiso de dar testimonio de \u00abfraternidad\u00bb en el seno de la Iglesia.<\/p>\n<p style=\"text-align: right;\">Fray Roberto LIGGERI.<\/p>\n<p><a href=\"\/img\/galerie\/2022\/11-09-uc-pizzaballa\/pizzaballa-fratelli.pdf\"><em>Descarga aqu\u00ed, en italiano, el texto de la conferencia de Mons. Pierbattista PIZZABALLA &gt;&gt;&gt;<\/em><\/a><\/p>\nngg_shortcode_0_placeholder\n","protected":false},"excerpt":{"rendered":"<p>El lunes 7 de noviembre de 2022, a las 17:00 horas en la Biblioteca del Seraphicum de Roma, el Patriarca de Jerusal\u00e9n de los Latinos Mons. Pierbattista PIZZABALLA (OFM) ha ofrecido la conferencia titulada: \u201cFratelli Tutti: su recepci\u00f3n en el mundo isl\u00e1mico de Oriente Medio y el di\u00e1logo interreligioso\u201d. El encuentro inici\u00f3 con las palabras [&hellip;]<\/p>\n","protected":false},"author":1,"featured_media":50407,"comment_status":"closed","ping_status":"open","sticky":false,"template":"","format":"standard","meta":{"ngg_post_thumbnail":0,"footnotes":""},"categories":[150,146],"tags":[2221,338],"class_list":["post-50411","post","type-post","status-publish","format-standard","has-post-thumbnail","category-noticias","category-ufficio-comunicazioni-es","tag-fratelli-tutti-es","tag-seraphicum-es"],"_links":{"self":[{"href":"https:\/\/www.ofmconv.net\/es\/wp-json\/wp\/v2\/posts\/50411","targetHints":{"allow":["GET"]}}],"collection":[{"href":"https:\/\/www.ofmconv.net\/es\/wp-json\/wp\/v2\/posts"}],"about":[{"href":"https:\/\/www.ofmconv.net\/es\/wp-json\/wp\/v2\/types\/post"}],"author":[{"embeddable":true,"href":"https:\/\/www.ofmconv.net\/es\/wp-json\/wp\/v2\/users\/1"}],"replies":[{"embeddable":true,"href":"https:\/\/www.ofmconv.net\/es\/wp-json\/wp\/v2\/comments?post=50411"}],"version-history":[{"count":0,"href":"https:\/\/www.ofmconv.net\/es\/wp-json\/wp\/v2\/posts\/50411\/revisions"}],"wp:featuredmedia":[{"embeddable":true,"href":"https:\/\/www.ofmconv.net\/es\/wp-json\/wp\/v2\/media\/50407"}],"wp:attachment":[{"href":"https:\/\/www.ofmconv.net\/es\/wp-json\/wp\/v2\/media?parent=50411"}],"wp:term":[{"taxonomy":"category","embeddable":true,"href":"https:\/\/www.ofmconv.net\/es\/wp-json\/wp\/v2\/categories?post=50411"},{"taxonomy":"post_tag","embeddable":true,"href":"https:\/\/www.ofmconv.net\/es\/wp-json\/wp\/v2\/tags?post=50411"}],"curies":[{"name":"wp","href":"https:\/\/api.w.org\/{rel}","templated":true}]}}