{"id":50503,"date":"2022-11-11T18:01:16","date_gmt":"2022-11-11T17:01:16","guid":{"rendered":"https:\/\/ofmconv.net\/turchia-corso-sul-dialogo-ecumenico-e-interreligioso\/"},"modified":"2022-11-11T18:08:18","modified_gmt":"2022-11-11T17:08:18","slug":"turchia-corso-sul-dialogo-ecumenico-e-interreligioso","status":"publish","type":"post","link":"https:\/\/www.ofmconv.net\/es\/turchia-corso-sul-dialogo-ecumenico-e-interreligioso\/","title":{"rendered":"Turqu\u00eda: curso sobre Di\u00e1logo ecum\u00e9nico e interreligioso"},"content":{"rendered":"<p><strong>En la segunda quincena de octubre (17-29 de octubre de 2022) se celebr\u00f3 en Estambul &#8211; Turqu\u00eda, el tradicional curso anual sobre Di\u00e1logo ecum\u00e9nico e interreligioso.<\/strong><\/p>\n<p>El evento, organizado por los Hermanos Menores de la comunidad de Santa Mar\u00eda Draperis en Estambul, ha alcanzado su 16\u00aa edici\u00f3n. El curso est\u00e1 abierto a toda la Familia Franciscana y a todos los interesados en los temas del encuentro. Estuvieron presentes unos 20 participantes, entre ellos, adem\u00e1s de los hermanos y hermanas franciscanos, un misionero italiano que trabaja en Albania y algunos j\u00f3venes voluntarios de Italia. De nuestra Orden: el Delegado general para la Animaci\u00f3n Misionera Fray Dariusz MAZUREK, Fray Emil KUMKA del Seraphicum de Roma y Fray Fictorium Natanael GINTING de Indonesia.<br \/>\nSe trataron cinco importantes temas: el di\u00e1logo, una forma de vida; los fundamentos del di\u00e1logo interreligioso; las realidades del di\u00e1logo; el significado del di\u00e1logo ecum\u00e9nico; el di\u00e1logo interreligioso y ecum\u00e9nico y los franciscanos hoy. Adem\u00e1s de las conferencias, hubo momentos dedicados a la convivencia e intercambio, a dar testimonio y a rezar comunitariamente. En particular, Fray Dariusz habl\u00f3 sobre el tema del Di\u00e1logo y el mundo secular.<br \/>\nAl final, todos los participantes apreciaron la reuni\u00f3n, tanto por su contenido como por su organizaci\u00f3n. Adem\u00e1s, se renov\u00f3 la voluntad de toda la Familia Franciscana de colaborar para un \u00e9xito cada vez mayor de las pr\u00f3ximas ediciones del curso, siguiendo la llamada del Ser\u00e1fico Padre San Francisco de As\u00eds para ayudar a llevar el mensaje de di\u00e1logo y paz a todas partes en el mundo.<br \/>\nEl curso termin\u00f3 con una visita a las siete iglesias situadas en la actual Turqu\u00eda, mencionadas por el Ap\u00f3stol Juan en el Apocalipsis: \u00c9feso, Esmirna, P\u00e9rgamo, Tiatira, Sardis, Filadelfia y Laodicea.<\/p>\n<p style=\"text-align: right;\">Fray Fictorium Natanael GINTING.<\/p>\nngg_shortcode_0_placeholder\n","protected":false},"excerpt":{"rendered":"<p>En la segunda quincena de octubre (17-29 de octubre de 2022) se celebr\u00f3 en Estambul &#8211; Turqu\u00eda, el tradicional curso anual sobre Di\u00e1logo ecum\u00e9nico e interreligioso. El evento, organizado por los Hermanos Menores de la comunidad de Santa Mar\u00eda Draperis en Estambul, ha alcanzado su 16\u00aa edici\u00f3n. El curso est\u00e1 abierto a toda la Familia [&hellip;]<\/p>\n","protected":false},"author":1,"featured_media":50499,"comment_status":"closed","ping_status":"open","sticky":false,"template":"","format":"standard","meta":{"ngg_post_thumbnail":0,"footnotes":""},"categories":[133,116,150],"tags":[559,1352],"class_list":["post-50503","post","type-post","status-publish","format-standard","has-post-thumbnail","category-federaciones","category-fimp-es","category-noticias","tag-oriente-y-tierra-santa","tag-turquia"],"_links":{"self":[{"href":"https:\/\/www.ofmconv.net\/es\/wp-json\/wp\/v2\/posts\/50503","targetHints":{"allow":["GET"]}}],"collection":[{"href":"https:\/\/www.ofmconv.net\/es\/wp-json\/wp\/v2\/posts"}],"about":[{"href":"https:\/\/www.ofmconv.net\/es\/wp-json\/wp\/v2\/types\/post"}],"author":[{"embeddable":true,"href":"https:\/\/www.ofmconv.net\/es\/wp-json\/wp\/v2\/users\/1"}],"replies":[{"embeddable":true,"href":"https:\/\/www.ofmconv.net\/es\/wp-json\/wp\/v2\/comments?post=50503"}],"version-history":[{"count":0,"href":"https:\/\/www.ofmconv.net\/es\/wp-json\/wp\/v2\/posts\/50503\/revisions"}],"wp:featuredmedia":[{"embeddable":true,"href":"https:\/\/www.ofmconv.net\/es\/wp-json\/wp\/v2\/media\/50499"}],"wp:attachment":[{"href":"https:\/\/www.ofmconv.net\/es\/wp-json\/wp\/v2\/media?parent=50503"}],"wp:term":[{"taxonomy":"category","embeddable":true,"href":"https:\/\/www.ofmconv.net\/es\/wp-json\/wp\/v2\/categories?post=50503"},{"taxonomy":"post_tag","embeddable":true,"href":"https:\/\/www.ofmconv.net\/es\/wp-json\/wp\/v2\/tags?post=50503"}],"curies":[{"name":"wp","href":"https:\/\/api.w.org\/{rel}","templated":true}]}}