{"id":51675,"date":"2022-12-21T12:20:49","date_gmt":"2022-12-21T11:20:49","guid":{"rendered":"https:\/\/ofmconv.net\/seraphicum-fra-jose-alberto-suarez-aleman-nuovo-dottore-in-sacra-teologia\/"},"modified":"2022-12-21T12:55:14","modified_gmt":"2022-12-21T11:55:14","slug":"seraphicum-fra-jose-alberto-suarez-aleman-nuovo-dottore-in-sacra-teologia","status":"publish","type":"post","link":"https:\/\/www.ofmconv.net\/es\/seraphicum-fra-jose-alberto-suarez-aleman-nuovo-dottore-in-sacra-teologia\/","title":{"rendered":"Seraphicum: Fray Jos\u00e9 Alberto SU\u00c1REZ ALEM\u00c1N nuevo Doctor en Sagrada Teolog\u00eda"},"content":{"rendered":"<p><strong>El lunes 19 de diciembre de 2022, a las 16 horas en el Aula Sixto V de la Facultad Teol\u00f3gica San Buenaventura &#8211; Seraphicum de Roma, Fray Jos\u00e9 Alberto SU\u00c1REZ ALEM\u00c1N de la Custodia provincial Nuestra Se\u00f1ora de Coromoto en Venezuela defendi\u00f3 su tesis doctoral en Sagrada Teolog\u00eda: \u201cAntropolog\u00eda teol\u00f3gica y grafolog\u00eda. Un estudio dentro de la obra de Girolamo Moretti\u201d.<\/strong><\/p>\n<p>La defensa fue precedida por un momento de oraci\u00f3n propuesto por el candidato a trav\u00e9s de las palabras del propio Fray Girolamo. Fray Stanis\u0142aw BAZYLI\u0143SKI Presidente de la Comisi\u00f3n y profesor de Sagrada Escritura en la Facultad, present\u00f3 al candidato: Fray Jos\u00e9 obtuvo el bachillerato en Venezuela en 2011 y luego en 2014 la Licenciatura en el Seraphicum, donde en 2022 se especializ\u00f3 en grafolog\u00eda de la etapa del desarrollo. Antiguo formador de la Custodia en Venezuela, actualmente es Vicerrector de los profesos temporales en el Colegio Seraphicum.<br \/>\nEl proprio Fray Jos\u00e9 present\u00f3 y defendi\u00f3 magistralmente su trabajo, destacando el potencial inherente al estudio de la rica obra, aunque no sistem\u00e1tica, de Fray Girolamo MORETTI, que supo moverse entre el estudio cient\u00edfico de la grafolog\u00eda y su vocaci\u00f3n de franciscano, proponiendo un camino articulado entre la grafolog\u00eda y la antropolog\u00eda teol\u00f3gica. Posteriormente, el candidato respondi\u00f3 brillantemente a las preguntas del primer moderador Fray Raffaele DI MURO, Decano de la Facultad, del segundo moderador Fray Emanuele RIMOLI, Profesor de Antropolog\u00eda teol\u00f3gica y Escatolog\u00eda, y de la Lectora Profa. Angela TAGLIAFICO, Profesora de Teolog\u00eda espiritual, coincidiendo lo tres en reconocer la calidad de la tesis.<br \/>\nAl final de la defensa, la comisi\u00f3n se retir\u00f3 a deliberar sobre el debate y la redacci\u00f3n de la tesis. A continuaci\u00f3n, el Presidente de la comisi\u00f3n proclam\u00f3 a Fray Jos\u00e9 Doctor en Sagrada Teolog\u00eda con el voto de Summa cum laude y el deseo de una pr\u00f3xima publicaci\u00f3n de la tesis, que se definir\u00e1 junto con los Moderadores.<br \/>\nEstuvieron presentes: el Ministro general Fray Carlos A. TROVARELLI, el Vicario general Fray Jan MACIEJOWSKI, el Asistente general CEF (Centralis Europae Foederatio) Fray Igor SALMI\u0106, hermanos, profesores y alumnos de la Facultad y de la Escuela de Grafolog\u00eda.<br \/>\nFelicitamos a nuestro querido hermano, deseando que pueda compartir con todos su camino y la riqueza de sus estudios por el bien de la fraternidad y de la Iglesia.<\/p>\n<p style=\"text-align: right;\">Fray Roberto LIGGERI.<\/p>\nngg_shortcode_0_placeholder\n","protected":false},"excerpt":{"rendered":"<p>El lunes 19 de diciembre de 2022, a las 16 horas en el Aula Sixto V de la Facultad Teol\u00f3gica San Buenaventura &#8211; Seraphicum de Roma, Fray Jos\u00e9 Alberto SU\u00c1REZ ALEM\u00c1N de la Custodia provincial Nuestra Se\u00f1ora de Coromoto en Venezuela defendi\u00f3 su tesis doctoral en Sagrada Teolog\u00eda: \u201cAntropolog\u00eda teol\u00f3gica y grafolog\u00eda. Un estudio dentro [&hellip;]<\/p>\n","protected":false},"author":1,"featured_media":51671,"comment_status":"closed","ping_status":"open","sticky":false,"template":"","format":"standard","meta":{"ngg_post_thumbnail":0,"footnotes":""},"categories":[109,133,150],"tags":[338,1855],"class_list":["post-51675","post","type-post","status-publish","format-standard","has-post-thumbnail","category-falc-es","category-federaciones","category-noticias","tag-seraphicum-es","tag-venezuela-es"],"_links":{"self":[{"href":"https:\/\/www.ofmconv.net\/es\/wp-json\/wp\/v2\/posts\/51675","targetHints":{"allow":["GET"]}}],"collection":[{"href":"https:\/\/www.ofmconv.net\/es\/wp-json\/wp\/v2\/posts"}],"about":[{"href":"https:\/\/www.ofmconv.net\/es\/wp-json\/wp\/v2\/types\/post"}],"author":[{"embeddable":true,"href":"https:\/\/www.ofmconv.net\/es\/wp-json\/wp\/v2\/users\/1"}],"replies":[{"embeddable":true,"href":"https:\/\/www.ofmconv.net\/es\/wp-json\/wp\/v2\/comments?post=51675"}],"version-history":[{"count":0,"href":"https:\/\/www.ofmconv.net\/es\/wp-json\/wp\/v2\/posts\/51675\/revisions"}],"wp:featuredmedia":[{"embeddable":true,"href":"https:\/\/www.ofmconv.net\/es\/wp-json\/wp\/v2\/media\/51671"}],"wp:attachment":[{"href":"https:\/\/www.ofmconv.net\/es\/wp-json\/wp\/v2\/media?parent=51675"}],"wp:term":[{"taxonomy":"category","embeddable":true,"href":"https:\/\/www.ofmconv.net\/es\/wp-json\/wp\/v2\/categories?post=51675"},{"taxonomy":"post_tag","embeddable":true,"href":"https:\/\/www.ofmconv.net\/es\/wp-json\/wp\/v2\/tags?post=51675"}],"curies":[{"name":"wp","href":"https:\/\/api.w.org\/{rel}","templated":true}]}}