{"id":52340,"date":"2023-01-23T19:18:06","date_gmt":"2023-01-23T18:18:06","guid":{"rendered":"https:\/\/ofmconv.net\/seraphicum-incontro-dellordine-a-meta-strada\/"},"modified":"2023-01-23T19:25:02","modified_gmt":"2023-01-23T18:25:02","slug":"seraphicum-incontro-dellordine-a-meta-strada","status":"publish","type":"post","link":"https:\/\/www.ofmconv.net\/es\/seraphicum-incontro-dellordine-a-meta-strada\/","title":{"rendered":"Seraphicum: encuentro de la Orden \u201ca mitad de camino\u201d"},"content":{"rendered":"<p><strong>En proximidad de la semana dedicada a los nuevos Ministros, Custodios y Secretarios (09-13 de enero), y para que los participantes de ambos encuentros hicieran un \u00fanico viaje, del 16 al 20 de enero de 2023 se celebr\u00f3 en el Seraphicum de Roma el encuentro de la Orden \u201c<em>a mitad de camino<\/em>\u201d (primer turno).<\/strong><\/p>\n<p>El objetivo del encuentro a mitad del sexenio 2019-25, en di\u00e1logo entre el Definitorio general y los Ministros, Custodios y Delegados de todo el mundo, ha sido discutir sobre la situaci\u00f3n de la Orden, verificar la puesta en pr\u00e1ctica del Proyecto Sexenal de la Orden (<em>Conformarnos al Evangelio para ser fraternidad misionera<\/em>) y proponer algunos temas para el Cap\u00edtulo general de 2025.<br \/>\nLos hermanos participantes proced\u00edan de las siguientes Federaciones: 2 AFCOF (African Federation of Conventual Franciscans), 7 CEF (Centralis Europae Foederatio), 7 CFF (Conventual Franciscan Federation), 3 FAMC (Federation of Asian Minor Conventuals), 4 FEMO (Foederatio Europae Mediae et Orientalis), 9 FIMP (Federazione Intermediterranea Ministri Provinciali) y 2 FALC (Federaci\u00f3n Am\u00e9rica Latina Conventuales).<br \/>\nLos convocados tuvieron la posibilidad de prepararse con un <em>Instrumentum laboris<\/em> multiling\u00fce enviado antes de Navidad. El texto abord\u00f3 los siguientes temas, presentados gradualmente por el Ministro general y los diferentes Definidores generales: entre la estad\u00edstica y la mirada a los brotes de vida, entre la supervivencia y los signos de vitalidad; el carisma franciscano y su transmisi\u00f3n a partir del primado de Dios, de la fraternidad, de la valent\u00eda y la apertura misionera; el discernimiento comunitario para acoger el futuro; formarnos en una econom\u00eda fraterna que cree cultura franciscana. La confrontaci\u00f3n y la puesta en com\u00fan de experiencias dentro de cuatro grupos ling\u00fc\u00edsticos permiti\u00f3 un notable enriquecimiento y contribuci\u00f3n a los diversos temas considerados importantes.<br \/>\nAl final del encuentro, se tuvo la oportunidad de restituir a la Asamblea un resumen de los temas m\u00e1s destacados producidos por la vivacidad de los grupos, y este resumen, junto con lo que saldr\u00e1 del segundo turno de la misma reuni\u00f3n (19-23 de junio de 2023), constituir\u00e1 un borrador tem\u00e1tico para preparar el pr\u00f3ximo Cap\u00edtulo general.<br \/>\nNo faltaron comentarios sobre los d\u00edas pasados juntos, que todos consideraron una excelente oportunidad para la fraternidad, el conocimiento y el intercambio sobre lo que la Orden considera prioritario para su caminar. Nuestro agradecimiento a la acogedora fraternidad del Seraphicum, a los hermanos traductores y a quienes, entre bastidores, prepararon y coordinaron el evento.<\/p>\n<p style=\"text-align: right;\">Fray Giovanni VOLTAN Asistente general FIMP.<\/p>\n<p><iframe loading=\"lazy\" title=\"Incontro dell&#039;Ordine  &quot;A MET\u00c0 STRADA&quot; - 16-20 Gennaio 2023\" width=\"696\" height=\"392\" src=\"https:\/\/www.youtube.com\/embed\/EH0K8IYL6Zk?wmode=transparent&amp;rel=0&amp;feature=oembed\" frameborder=\"0\" allow=\"accelerometer; autoplay; clipboard-write; encrypted-media; gyroscope; picture-in-picture; web-share\" referrerpolicy=\"strict-origin-when-cross-origin\" allowfullscreen><\/iframe><\/p>\n<p>&nbsp;<\/p>\n<p>&nbsp;<\/p>\n","protected":false},"excerpt":{"rendered":"<p>En proximidad de la semana dedicada a los nuevos Ministros, Custodios y Secretarios (09-13 de enero), y para que los participantes de ambos encuentros hicieran un \u00fanico viaje, del 16 al 20 de enero de 2023 se celebr\u00f3 en el Seraphicum de Roma el encuentro de la Orden \u201ca mitad de camino\u201d (primer turno). El [&hellip;]<\/p>\n","protected":false},"author":1,"featured_media":52336,"comment_status":"closed","ping_status":"open","sticky":false,"template":"","format":"standard","meta":{"ngg_post_thumbnail":0,"footnotes":""},"categories":[150,146],"tags":[1917,338],"class_list":["post-52340","post","type-post","status-publish","format-standard","has-post-thumbnail","category-noticias","category-ufficio-comunicazioni-es","tag-encuentro","tag-seraphicum-es"],"_links":{"self":[{"href":"https:\/\/www.ofmconv.net\/es\/wp-json\/wp\/v2\/posts\/52340","targetHints":{"allow":["GET"]}}],"collection":[{"href":"https:\/\/www.ofmconv.net\/es\/wp-json\/wp\/v2\/posts"}],"about":[{"href":"https:\/\/www.ofmconv.net\/es\/wp-json\/wp\/v2\/types\/post"}],"author":[{"embeddable":true,"href":"https:\/\/www.ofmconv.net\/es\/wp-json\/wp\/v2\/users\/1"}],"replies":[{"embeddable":true,"href":"https:\/\/www.ofmconv.net\/es\/wp-json\/wp\/v2\/comments?post=52340"}],"version-history":[{"count":0,"href":"https:\/\/www.ofmconv.net\/es\/wp-json\/wp\/v2\/posts\/52340\/revisions"}],"wp:featuredmedia":[{"embeddable":true,"href":"https:\/\/www.ofmconv.net\/es\/wp-json\/wp\/v2\/media\/52336"}],"wp:attachment":[{"href":"https:\/\/www.ofmconv.net\/es\/wp-json\/wp\/v2\/media?parent=52340"}],"wp:term":[{"taxonomy":"category","embeddable":true,"href":"https:\/\/www.ofmconv.net\/es\/wp-json\/wp\/v2\/categories?post=52340"},{"taxonomy":"post_tag","embeddable":true,"href":"https:\/\/www.ofmconv.net\/es\/wp-json\/wp\/v2\/tags?post=52340"}],"curies":[{"name":"wp","href":"https:\/\/api.w.org\/{rel}","templated":true}]}}