{"id":52431,"date":"2023-01-27T12:34:18","date_gmt":"2023-01-27T11:34:18","guid":{"rendered":"https:\/\/ofmconv.net\/brescia-incontro-dei-postulanti-francesi-spagnoli-e-italiani\/"},"modified":"2023-01-27T12:40:40","modified_gmt":"2023-01-27T11:40:40","slug":"brescia-incontro-dei-postulanti-francesi-spagnoli-e-italiani","status":"publish","type":"post","link":"https:\/\/www.ofmconv.net\/es\/brescia-incontro-dei-postulanti-francesi-spagnoli-e-italiani\/","title":{"rendered":"Brescia: encuentro de postulantes franceses, espa\u00f1oles e italianos"},"content":{"rendered":"<p><strong>Del 23 al 25 de enero de 2023, los postulantes OFMConv de Francia, Espa\u00f1a e Italia se reunieron en Brescia para compartir y conocerse.<\/strong><\/p>\n<p>En total fueron 14 participantes, procedentes de las casas de formaci\u00f3n de la Provincia de Nuestra Se\u00f1ora de Montserrat (Espa\u00f1a), de la Custodia provincial de San Buenaventura (Francia-B\u00e9lgica) y de la Provincia italiana de San Antonio de Padua (Norte de Italia). Algunos postulantes de la Provincia del Norte de Italia pertenecen a la Delegaci\u00f3n provincial en Portugal y a la Custodia general del Sacro Convento de San Francisco de As\u00eds en Italia (As\u00eds).<br \/>\nLos participantes estuvieron acompa\u00f1ados por sus formadores: Fray Juan Luis CORMENZANA CARPIO por Espa\u00f1a, Fray Jack MARDESIC y Fray Bart DE PAEPE por Francia-B\u00e9lgica, Fray Alessandro PERISSINOTTO y Fray Thomas Marie Andr\u00e9 BOURQUEROD por Italia.<br \/>\nLos d\u00edas pasados en el Convento de San Francisco de As\u00eds de Brescia fueron una oportunidad para descubrir las realidades franciscanas del lugar. De manera especial, los postulantes se dejaron interpelar y desafiar por el ejemplo y la vida del Venerable Fray Giacomo BULGARO.<br \/>\nEl tiempo pasado juntos en sencillez y fraternidad puso a los participantes en contacto con las realidades formativas de cada pa\u00eds, conociendo as\u00ed sus caracter\u00edsticas y trayectorias, en el signo de un di\u00e1logo profundo. Junto con sus respectivos formadores, los postulantes compartieron tambi\u00e9n algunos momentos de oraci\u00f3n, uniendo as\u00ed las diversas lenguas en una sola voz de alabanza y acci\u00f3n de gracias al Padre, por el don siempre nuevo de la vocaci\u00f3n.<\/p>\n<p style=\"text-align: right;\">Fray Thomas M. Andr\u00e9 BOURQUEROD.<\/p>\n<p><iframe loading=\"lazy\" title=\"Postulanti OFMConv - Incontro Brescia Gennaio 2023\" width=\"696\" height=\"392\" src=\"https:\/\/www.youtube.com\/embed\/J-zyiKpDZ3k?wmode=transparent&amp;rel=0&amp;feature=oembed\" frameborder=\"0\" allow=\"accelerometer; autoplay; clipboard-write; encrypted-media; gyroscope; picture-in-picture; web-share\" referrerpolicy=\"strict-origin-when-cross-origin\" allowfullscreen><\/iframe><\/p>\n<p>&nbsp;<\/p>\n","protected":false},"excerpt":{"rendered":"<p>Del 23 al 25 de enero de 2023, los postulantes OFMConv de Francia, Espa\u00f1a e Italia se reunieron en Brescia para compartir y conocerse. En total fueron 14 participantes, procedentes de las casas de formaci\u00f3n de la Provincia de Nuestra Se\u00f1ora de Montserrat (Espa\u00f1a), de la Custodia provincial de San Buenaventura (Francia-B\u00e9lgica) y de la [&hellip;]<\/p>\n","protected":false},"author":1,"featured_media":52427,"comment_status":"closed","ping_status":"open","sticky":false,"template":"","format":"standard","meta":{"ngg_post_thumbnail":0,"footnotes":""},"categories":[133,116,150],"tags":[901,1677,638,1808],"class_list":["post-52431","post","type-post","status-publish","format-standard","has-post-thumbnail","category-federaciones","category-fimp-es","tag-espana","tag-francia-belgica","tag-italia-norte","tag-postulantes"],"_links":{"self":[{"href":"https:\/\/www.ofmconv.net\/es\/wp-json\/wp\/v2\/posts\/52431","targetHints":{"allow":["GET"]}}],"collection":[{"href":"https:\/\/www.ofmconv.net\/es\/wp-json\/wp\/v2\/posts"}],"about":[{"href":"https:\/\/www.ofmconv.net\/es\/wp-json\/wp\/v2\/types\/post"}],"author":[{"embeddable":true,"href":"https:\/\/www.ofmconv.net\/es\/wp-json\/wp\/v2\/users\/1"}],"replies":[{"embeddable":true,"href":"https:\/\/www.ofmconv.net\/es\/wp-json\/wp\/v2\/comments?post=52431"}],"version-history":[{"count":0,"href":"https:\/\/www.ofmconv.net\/es\/wp-json\/wp\/v2\/posts\/52431\/revisions"}],"wp:featuredmedia":[{"embeddable":true,"href":"https:\/\/www.ofmconv.net\/es\/wp-json\/wp\/v2\/media\/52427"}],"wp:attachment":[{"href":"https:\/\/www.ofmconv.net\/es\/wp-json\/wp\/v2\/media?parent=52431"}],"wp:term":[{"taxonomy":"category","embeddable":true,"href":"https:\/\/www.ofmconv.net\/es\/wp-json\/wp\/v2\/categories?post=52431"},{"taxonomy":"post_tag","embeddable":true,"href":"https:\/\/www.ofmconv.net\/es\/wp-json\/wp\/v2\/tags?post=52431"}],"curies":[{"name":"wp","href":"https:\/\/api.w.org\/{rel}","templated":true}]}}