{"id":52519,"date":"2023-01-30T13:10:18","date_gmt":"2023-01-30T12:10:18","guid":{"rendered":"https:\/\/ofmconv.net\/fimp-sud-xxvi-incontro-dei-guardiani-fimp-sud\/"},"modified":"2023-01-30T13:17:30","modified_gmt":"2023-01-30T12:17:30","slug":"fimp-sud-xxvi-incontro-dei-guardiani-fimp-sud","status":"publish","type":"post","link":"https:\/\/www.ofmconv.net\/es\/fimp-sud-xxvi-incontro-dei-guardiani-fimp-sud\/","title":{"rendered":"FIMP-Sur: XXVI encuentro de Guardianes FIMP-Sur"},"content":{"rendered":"<p><strong>Del 23 al 27 de enero de 2023, la acogedora Custodia Provincial de los Santos Daniel y Compa\u00f1eros M\u00e1rtires en Italia (Calabria) acogi\u00f3 la XXVI Asamblea de Guardianes FIMP-Sur, en el Hotel Paradiso de Catanzaro Lido.<\/strong><\/p>\n<p>Entre los participantes se encontraban: el Ministro de la Provincia de los Santos Bernardino y \u00c1ngel en Italia (Abruzos) Fray Mauro DE FILIPPIS, el Secretario de la Provincia del Ser\u00e1fico Padre San Francisco en Italia (N\u00e1poles) Fray Cyrille Diwa KPALAFIO, el Ministro de la Provincia de los Santos Nicol\u00e1s y \u00c1ngel en Italia (Apulia) Fray Daniele MAIORANO, el Ministro de la Provincia de las Santas \u00c1gueda y Luc\u00eda en Italia (Sicilia) y Presidente de la <em>Federazione Intermediterranea Ministri Provinciali<\/em> (FIMP) Fray Gaspare LA BARBERA, el Custodio de Calabria Fray Giorgio TASSONE, el Asistente general FIMP Fray Giovanni VOLTAN, junto con 34 Guardianes de las jurisdicciones mencionadas.<br \/>\nEn la elecci\u00f3n del tema, los organizadores partieron del Octavo Centenario de la Regla que celebramos en este 2023: <em>Conformarse al Evangelio para ser fraternidad misionera \u2013 Identidad carism\u00e1tica de la familia franciscana, a la luz de la Regla<\/em>.<br \/>\nLos dos expositores: Fray Felice AUTIERI OFMConv y Fray Pietro MARANESI OFMCap, guiaron a los hermanos a trav\u00e9s de la comprensi\u00f3n hist\u00f3rica y la dimensi\u00f3n espiritual y existencial de la Regla.<br \/>\nEn 1223, hace exactamente 800 a\u00f1os, San Francisco de As\u00eds leg\u00f3 a sus hermanos la &#8220;Regla bulada&#8221; aprobada por el Papa Honorio III, que no s\u00f3lo defin\u00eda los principios y fundamentos espirituales sobre los que se funda la Orden, sino que al mismo tiempo proporcionaba una gu\u00eda para garantizar la buena convivencia entre los hermanos y con el resto del mundo.<br \/>\nEl mi\u00e9rcoles 25 por la tarde, guiados por el Asistente general y el Presidente de la FIMP, se abord\u00f3 el tema de la uni\u00f3n de las Provincias de Italia Meridional, comunicando los diversos caminos puestos en pr\u00e1ctica en las Provincias, expresando sus impresiones sobre un camino a\u00fan largo para una novedad todav\u00eda dif\u00edcil de comprender, acoger en su aut\u00e9ntico esp\u00edritu prof\u00e9tico y poner en pr\u00e1ctica en la realidad de la vida personal y fraterna.<br \/>\nEl viernes 27, al t\u00e9rmino de la reuni\u00f3n, se concert\u00f3 una cita en Apulia para el pr\u00f3ximo mes de enero de 2024.<\/p>\n<p style=\"text-align: right;\">Fray Giambattista BUONAMANO Secretario del encuentro<br \/>\nFray Rocco PREDOTI<\/p>\nngg_shortcode_0_placeholder\n","protected":false},"excerpt":{"rendered":"<p>Del 23 al 27 de enero de 2023, la acogedora Custodia Provincial de los Santos Daniel y Compa\u00f1eros M\u00e1rtires en Italia (Calabria) acogi\u00f3 la XXVI Asamblea de Guardianes FIMP-Sur, en el Hotel Paradiso de Catanzaro Lido. Entre los participantes se encontraban: el Ministro de la Provincia de los Santos Bernardino y \u00c1ngel en Italia (Abruzos) [&hellip;]<\/p>\n","protected":false},"author":1,"featured_media":52514,"comment_status":"closed","ping_status":"open","sticky":false,"template":"","format":"standard","meta":{"ngg_post_thumbnail":0,"footnotes":""},"categories":[133,116,150],"tags":[1917,1118,1597],"class_list":["post-52519","post","type-post","status-publish","format-standard","has-post-thumbnail","category-federaciones","category-fimp-es","category-noticias","tag-encuentro","tag-guardianes","tag-italia-calabria-es"],"_links":{"self":[{"href":"https:\/\/www.ofmconv.net\/es\/wp-json\/wp\/v2\/posts\/52519","targetHints":{"allow":["GET"]}}],"collection":[{"href":"https:\/\/www.ofmconv.net\/es\/wp-json\/wp\/v2\/posts"}],"about":[{"href":"https:\/\/www.ofmconv.net\/es\/wp-json\/wp\/v2\/types\/post"}],"author":[{"embeddable":true,"href":"https:\/\/www.ofmconv.net\/es\/wp-json\/wp\/v2\/users\/1"}],"replies":[{"embeddable":true,"href":"https:\/\/www.ofmconv.net\/es\/wp-json\/wp\/v2\/comments?post=52519"}],"version-history":[{"count":0,"href":"https:\/\/www.ofmconv.net\/es\/wp-json\/wp\/v2\/posts\/52519\/revisions"}],"wp:featuredmedia":[{"embeddable":true,"href":"https:\/\/www.ofmconv.net\/es\/wp-json\/wp\/v2\/media\/52514"}],"wp:attachment":[{"href":"https:\/\/www.ofmconv.net\/es\/wp-json\/wp\/v2\/media?parent=52519"}],"wp:term":[{"taxonomy":"category","embeddable":true,"href":"https:\/\/www.ofmconv.net\/es\/wp-json\/wp\/v2\/categories?post=52519"},{"taxonomy":"post_tag","embeddable":true,"href":"https:\/\/www.ofmconv.net\/es\/wp-json\/wp\/v2\/tags?post=52519"}],"curies":[{"name":"wp","href":"https:\/\/api.w.org\/{rel}","templated":true}]}}