{"id":53055,"date":"2023-02-20T13:18:08","date_gmt":"2023-02-20T12:18:08","guid":{"rendered":"https:\/\/ofmconv.net\/joint-diploma-giornata-di-studio-sulla-spiritualita-dei-religiosi\/"},"modified":"2023-02-20T13:22:40","modified_gmt":"2023-02-20T12:22:40","slug":"joint-diploma-giornata-di-studio-sulla-spiritualita-dei-religiosi","status":"publish","type":"post","link":"https:\/\/www.ofmconv.net\/es\/joint-diploma-giornata-di-studio-sulla-spiritualita-dei-religiosi\/","title":{"rendered":"Joint Diploma: jornada de estudio sobre la espiritualidad de los religiosos"},"content":{"rendered":"<p><strong>El 18 de febrero de 2023, la Pontificia Facultad Teol\u00f3gica San Buenaventura-Seraphicum de Roma acogi\u00f3 a los estudiantes matriculados en el Diploma conjunto (Joint Diploma), que estudia la vida y la historia de las familias religiosas m\u00e1s conocidas de la Iglesia.<\/strong><\/p>\n<p>La Facultad se uni\u00f3 a esta bonita iniciativa promovida por la Pontificia Facultad Teresianum y, junto con la Pontificia Universidad Antonianum, organiz\u00f3 esta jornada de estudio.<br \/>\nHay que decir que toda instituci\u00f3n acad\u00e9mica regida por religiosos esta llamada a presentar u su carisma espec\u00edfico a lo largo del curso acad\u00e9mico. Las conferencias versaron sobre las figuras de San Francisco y Santa Clara, s\u00ed como sobre la historia del franciscanismo. Por \u00faltimo, hubo ocasi\u00f3n para un interesante intercambio gracias a la mesa redonda de la tarde.<br \/>\nLa visita al Seraphicum y la oraci\u00f3n de la tarde enmarcaron una jornada intensa y fruct\u00edfera, seg\u00fan los estudiantes. Los conferenciantes, que participaron y trabajaron en armon\u00eda, fueron: Fray Bernardo MOLINA OFMCap, Fray Wies\u0142aw BLOCK OFMCap, Sor Diana PAPA, Fray Carlos SALTO SOL\u00c1 OFM, Fray Emil KUMKA OFMConv y Fray Raffaele DI MURO OFMConv.<br \/>\nFray Emil KUMKA y Fray Carlos SALTO SOL\u00c1 fueron los animadores del curso. Se agradece la valiosa y continua colaboraci\u00f3n con la Pontificia Universidad Antonianum en la preparaci\u00f3n y realizaci\u00f3n del evento.<\/p>\n<p style=\"text-align: right;\">Fray Peter PIKUL\u00cdK.<\/p>\nngg_shortcode_0_placeholder\n","protected":false},"excerpt":{"rendered":"<p>El 18 de febrero de 2023, la Pontificia Facultad Teol\u00f3gica San Buenaventura-Seraphicum de Roma acogi\u00f3 a los estudiantes matriculados en el Diploma conjunto (Joint Diploma), que estudia la vida y la historia de las familias religiosas m\u00e1s conocidas de la Iglesia. La Facultad se uni\u00f3 a esta bonita iniciativa promovida por la Pontificia Facultad Teresianum [&hellip;]<\/p>\n","protected":false},"author":1,"featured_media":53051,"comment_status":"closed","ping_status":"open","sticky":false,"template":"","format":"standard","meta":{"ngg_post_thumbnail":0,"footnotes":""},"categories":[150,146],"tags":[338],"class_list":["post-53055","post","type-post","status-publish","format-standard","has-post-thumbnail","category-noticias","category-ufficio-comunicazioni-es","tag-seraphicum-es"],"_links":{"self":[{"href":"https:\/\/www.ofmconv.net\/es\/wp-json\/wp\/v2\/posts\/53055","targetHints":{"allow":["GET"]}}],"collection":[{"href":"https:\/\/www.ofmconv.net\/es\/wp-json\/wp\/v2\/posts"}],"about":[{"href":"https:\/\/www.ofmconv.net\/es\/wp-json\/wp\/v2\/types\/post"}],"author":[{"embeddable":true,"href":"https:\/\/www.ofmconv.net\/es\/wp-json\/wp\/v2\/users\/1"}],"replies":[{"embeddable":true,"href":"https:\/\/www.ofmconv.net\/es\/wp-json\/wp\/v2\/comments?post=53055"}],"version-history":[{"count":0,"href":"https:\/\/www.ofmconv.net\/es\/wp-json\/wp\/v2\/posts\/53055\/revisions"}],"wp:featuredmedia":[{"embeddable":true,"href":"https:\/\/www.ofmconv.net\/es\/wp-json\/wp\/v2\/media\/53051"}],"wp:attachment":[{"href":"https:\/\/www.ofmconv.net\/es\/wp-json\/wp\/v2\/media?parent=53055"}],"wp:term":[{"taxonomy":"category","embeddable":true,"href":"https:\/\/www.ofmconv.net\/es\/wp-json\/wp\/v2\/categories?post=53055"},{"taxonomy":"post_tag","embeddable":true,"href":"https:\/\/www.ofmconv.net\/es\/wp-json\/wp\/v2\/tags?post=53055"}],"curies":[{"name":"wp","href":"https:\/\/api.w.org\/{rel}","templated":true}]}}