{"id":53723,"date":"2023-03-08T14:31:11","date_gmt":"2023-03-08T13:31:11","guid":{"rendered":"https:\/\/ofmconv.net\/sicilia-calabria-capitolo-spirituale\/"},"modified":"2023-03-08T14:36:22","modified_gmt":"2023-03-08T13:36:22","slug":"sicilia-calabria-capitolo-spirituale","status":"publish","type":"post","link":"https:\/\/www.ofmconv.net\/es\/sicilia-calabria-capitolo-spirituale\/","title":{"rendered":"Sicilia-Calabria: Cap\u00edtulo espiritual"},"content":{"rendered":"<p><strong>\u201cLa fragilidad humana como espacio sagrado de verdad para vivir la fraternidad\u201d: este fue el t\u00edtulo del Cap\u00edtulo espiritual de los hermanos de la Provincia de las Santas \u00c1gueda y Luc\u00eda en Italia (Sicilia) y de la Custodia provincial de los Santos Daniel y compa\u00f1eros M\u00e1rtires en Italia (Calabria) celebrado en el Centro Kolbe de Carini (Palermo), del 27 de febrero al 4 de marzo de 2023.<\/strong><\/p>\n<p>Los hermanos provenientes de todos los Conventos de Sicilia y Calabria se turnaron, para vivir la cita que anualmente ayuda a los hermanos a discernir, a la luz del Esp\u00edritu Santo, los modos oportunos para custodiar y actualizar el carisma franciscano y el patrimonio espiritual de la Orden.<br \/>\nEn el a\u00f1o en que celebramos el octavo centenario del bel\u00e9n de Greccio, este Cap\u00edtulo ha querido profundizar y hacer suya, a trav\u00e9s del encuentro y el di\u00e1logo, la l\u00f3gica inherente a la encarnaci\u00f3n del Hijo de Dios: la dimensi\u00f3n de la pobreza. A trav\u00e9s de esta l\u00f3gica, el Ser\u00e1fico Padre San Francisco nos ense\u00f1a que en nuestra peque\u00f1ez y fragilidad se abre la puerta a un aut\u00e9ntico encuentro con el coraz\u00f3n del otro.<br \/>\nAnim\u00f3 el Cap\u00edtulo la Dra. Olga VICARI, Neuropsiquiatra infantil, miembro de nuestra COFEP (Comisi\u00f3n para la Formaci\u00f3n, Evangelizaci\u00f3n y Promoci\u00f3n de la Espiritualidad y Cultura Franciscana), quien con su competente y sabia gu\u00eda, por medio de din\u00e1micas vivenciales, hizo que los hermanos experimentaran el camino, no siempre f\u00e1cil, de compartir la propia fragilidad, y as\u00ed tomar conciencia de que \u00e9ste es el punto de partida y la base s\u00f3lida sobre la que construir la fraternidad.<br \/>\nFueron d\u00edas de intensa y aut\u00e9ntica fraternidad y de apertura del coraz\u00f3n, de reflexi\u00f3n personal y de oraci\u00f3n. Confiamos al Se\u00f1or, a la Virgen Inmaculada y a nuestro Ser\u00e1fico Padre, los frutos de estos d\u00edas y el camino de la Provincia de Sicilia y de la Custodia de Calabria, que pronto vivir\u00e1n el momento de la unificaci\u00f3n.<\/p>\n<p style=\"text-align: right;\">Fray Rosario TERRANOVA, Secretario provincial.<\/p>\nngg_shortcode_0_placeholder\n","protected":false},"excerpt":{"rendered":"<p>\u201cLa fragilidad humana como espacio sagrado de verdad para vivir la fraternidad\u201d: este fue el t\u00edtulo del Cap\u00edtulo espiritual de los hermanos de la Provincia de las Santas \u00c1gueda y Luc\u00eda en Italia (Sicilia) y de la Custodia provincial de los Santos Daniel y compa\u00f1eros M\u00e1rtires en Italia (Calabria) celebrado en el Centro Kolbe de [&hellip;]<\/p>\n","protected":false},"author":1,"featured_media":53719,"comment_status":"closed","ping_status":"open","sticky":false,"template":"","format":"standard","meta":{"ngg_post_thumbnail":0,"footnotes":""},"categories":[133,116,150],"tags":[1051,1597,1913],"class_list":["post-53723","post","type-post","status-publish","format-standard","has-post-thumbnail","category-federaciones","category-fimp-es","category-noticias","tag-capitulo-espiritual","tag-italia-calabria-es","tag-italia-sicilia-es"],"_links":{"self":[{"href":"https:\/\/www.ofmconv.net\/es\/wp-json\/wp\/v2\/posts\/53723","targetHints":{"allow":["GET"]}}],"collection":[{"href":"https:\/\/www.ofmconv.net\/es\/wp-json\/wp\/v2\/posts"}],"about":[{"href":"https:\/\/www.ofmconv.net\/es\/wp-json\/wp\/v2\/types\/post"}],"author":[{"embeddable":true,"href":"https:\/\/www.ofmconv.net\/es\/wp-json\/wp\/v2\/users\/1"}],"replies":[{"embeddable":true,"href":"https:\/\/www.ofmconv.net\/es\/wp-json\/wp\/v2\/comments?post=53723"}],"version-history":[{"count":0,"href":"https:\/\/www.ofmconv.net\/es\/wp-json\/wp\/v2\/posts\/53723\/revisions"}],"wp:featuredmedia":[{"embeddable":true,"href":"https:\/\/www.ofmconv.net\/es\/wp-json\/wp\/v2\/media\/53719"}],"wp:attachment":[{"href":"https:\/\/www.ofmconv.net\/es\/wp-json\/wp\/v2\/media?parent=53723"}],"wp:term":[{"taxonomy":"category","embeddable":true,"href":"https:\/\/www.ofmconv.net\/es\/wp-json\/wp\/v2\/categories?post=53723"},{"taxonomy":"post_tag","embeddable":true,"href":"https:\/\/www.ofmconv.net\/es\/wp-json\/wp\/v2\/tags?post=53723"}],"curies":[{"name":"wp","href":"https:\/\/api.w.org\/{rel}","templated":true}]}}