{"id":54099,"date":"2023-03-24T13:53:27","date_gmt":"2023-03-24T12:53:27","guid":{"rendered":"https:\/\/ofmconv.net\/amantea-celebra-san-giuseppe-sposo\/"},"modified":"2023-03-24T14:10:17","modified_gmt":"2023-03-24T13:10:17","slug":"amantea-celebra-san-giuseppe-sposo","status":"publish","type":"post","link":"https:\/\/www.ofmconv.net\/es\/amantea-celebra-san-giuseppe-sposo\/","title":{"rendered":"Amantea celebra San Jos\u00e9 esposo"},"content":{"rendered":"<p><strong>La solemnidad anual en honor de San Jos\u00e9, celebrada por motivos lit\u00fargicos el 20 de marzo de 2023, es un gran acontecimiento lleno de alegr\u00eda para los habitantes de mantea (Calabria-Italia). Un a\u00f1o m\u00e1s, la procesi\u00f3n con la imagen de San Jos\u00e9 recorri\u00f3 las calles de la ciudad para dar gracias a Dios por el don de este Santo patr\u00f3n.<\/strong><\/p>\n<p>Este a\u00f1o, la fiesta estuvo precedida por una novena en la peque\u00f1a iglesia de San Jos\u00e9, situada a las afueras. Al final de cada d\u00eda, despu\u00e9s de la Misa, los fieles rezaron el acto de encomienda a San Jos\u00e9. El mismo d\u00eda de la fiesta, por la tarde, tuvo lugar la tradicional procesi\u00f3n por las principales calles de la ciudad.<br \/>\nEs imposible mencionar a todos los que contribuyeron a la organizaci\u00f3n y al desarrollo de la procesi\u00f3n: los miembros de las cofrad\u00edas locales, la comunidad franciscana dirigida por el P\u00e1rroco Fray Jacek PINKOSZ, los hombres que llevaban la imagen de san Jos\u00e9, la polic\u00eda de tr\u00e1fico, etc. La banda de m\u00fasica \u201cMario Aloe\u201d. Se encarg\u00f3 una vez m\u00e1s de la m\u00fasica. Al final de la procesi\u00f3n, se celebr\u00f3 la Santa Misa en la iglesia franciscana de San Bernardino, junto con la recitaci\u00f3n del Acto de Encomienda a San Jos\u00e9 por parte de los habitantes de Amantea.<br \/>\nDamos gracias porque este a\u00f1o, tras el fin de las restricciones relacionadas con la pandemia, los fieles pudieron expresar plenamente su gratitud a San Jos\u00e9 por su intercesi\u00f3n en tantos casos en que los necesitados se dirigen a \u00e9l.<\/p>\n<p style=\"text-align: right;\">Texto y fotos: Fray Franciszek CZARNOWSKI<\/p>\nngg_shortcode_0_placeholder\n","protected":false},"excerpt":{"rendered":"<p>La solemnidad anual en honor de San Jos\u00e9, celebrada por motivos lit\u00fargicos el 20 de marzo de 2023, es un gran acontecimiento lleno de alegr\u00eda para los habitantes de mantea (Calabria-Italia). Un a\u00f1o m\u00e1s, la procesi\u00f3n con la imagen de San Jos\u00e9 recorri\u00f3 las calles de la ciudad para dar gracias a Dios por el [&hellip;]<\/p>\n","protected":false},"author":1,"featured_media":54095,"comment_status":"closed","ping_status":"open","sticky":false,"template":"","format":"standard","meta":{"ngg_post_thumbnail":0,"footnotes":""},"categories":[133,116,150],"tags":[1597],"class_list":["post-54099","post","type-post","status-publish","format-standard","has-post-thumbnail","category-federaciones","category-fimp-es","category-noticias","tag-italia-calabria-es"],"_links":{"self":[{"href":"https:\/\/www.ofmconv.net\/es\/wp-json\/wp\/v2\/posts\/54099","targetHints":{"allow":["GET"]}}],"collection":[{"href":"https:\/\/www.ofmconv.net\/es\/wp-json\/wp\/v2\/posts"}],"about":[{"href":"https:\/\/www.ofmconv.net\/es\/wp-json\/wp\/v2\/types\/post"}],"author":[{"embeddable":true,"href":"https:\/\/www.ofmconv.net\/es\/wp-json\/wp\/v2\/users\/1"}],"replies":[{"embeddable":true,"href":"https:\/\/www.ofmconv.net\/es\/wp-json\/wp\/v2\/comments?post=54099"}],"version-history":[{"count":0,"href":"https:\/\/www.ofmconv.net\/es\/wp-json\/wp\/v2\/posts\/54099\/revisions"}],"wp:featuredmedia":[{"embeddable":true,"href":"https:\/\/www.ofmconv.net\/es\/wp-json\/wp\/v2\/media\/54095"}],"wp:attachment":[{"href":"https:\/\/www.ofmconv.net\/es\/wp-json\/wp\/v2\/media?parent=54099"}],"wp:term":[{"taxonomy":"category","embeddable":true,"href":"https:\/\/www.ofmconv.net\/es\/wp-json\/wp\/v2\/categories?post=54099"},{"taxonomy":"post_tag","embeddable":true,"href":"https:\/\/www.ofmconv.net\/es\/wp-json\/wp\/v2\/tags?post=54099"}],"curies":[{"name":"wp","href":"https:\/\/api.w.org\/{rel}","templated":true}]}}