{"id":54808,"date":"2023-04-26T13:29:59","date_gmt":"2023-04-26T11:29:59","guid":{"rendered":"https:\/\/ofmconv.net\/spagna-pellegrinaggio-nei-luoghi-francescani\/"},"modified":"2023-04-26T13:35:52","modified_gmt":"2023-04-26T11:35:52","slug":"spagna-pellegrinaggio-nei-luoghi-francescani","status":"publish","type":"post","link":"https:\/\/www.ofmconv.net\/es\/spagna-pellegrinaggio-nei-luoghi-francescani\/","title":{"rendered":"Espa\u00f1a: Peregrinaci\u00f3n a los lugares franciscanos"},"content":{"rendered":"<p><strong>Con motivo de los ochocientos a\u00f1os de la <em>Confirmaci\u00f3n de la Regla<\/em>, de la <em>Navidad de Greccio<\/em>, de la <em>Impresi\u00f3n de las Llagas<\/em> y del <em>tr\u00e1nsito del Ser\u00e1fico Padre San Francisco<\/em>, la Provincia de Nuestra Se\u00f1ora de Montserrat en Espa\u00f1a ha programado una peregrinaci\u00f3n a los lugares franciscanos, del 11 al 17 de abril de 2023. Catorce hermanos, con el Ministro provincial, Fray Juan Antonio AD\u00c1NEZ SILV\u00c1N, han participado de esta gracia del Se\u00f1or.<\/strong><\/p>\n<p>Ha estado bien organizada. Los hermanos partieron, por v\u00eda a\u00e9rea, de Madrid a Roma. Desde la Ciudad Eterna subieron a As\u00eds, pasando por <em>Monteluco<\/em> (Spoleto), haciendo del <em>Franciscanum<\/em> lugar de acogida y de encuentro.<br \/>\nDesde este Colegio Misionero hicieron dos salidas: una, al <em>Valle de Rieti<\/em>: <em>Fontecolombo<\/em>, la <em>Foresta<\/em> y <em>Greccio<\/em>, y, la otra, al monte <em>Alverna<\/em>. Luego, dedicaron dos d\u00edas a la ciudad de As\u00eds y su entorno: visitaron las <em>bas\u00edlicas de San Francisco<\/em> y <em>Santa Clara<\/em>, la <em>catedral de San Rufino<\/em> y otros lugares <em>sanfranciscanos,<\/em> entre ellos la <em>ex catedral<\/em>, <em>Santa Mar\u00eda la Mayor<\/em>, y el <em>Palacio episcopal<\/em>, donde tuvieron la oportunidad de ver la puerta abierta en sus excavaciones, bautizada como <em>\u2018Puerta de la conversi\u00f3n\u2019<\/em>; y en los alrededores de la ciudad: <em>Las C\u00e1rceles<\/em>, <em>San Dami\u00e1n<\/em>, <em>Rivotorto<\/em> y <em>Santa Mar\u00eda de los \u00c1ngeles<\/em>.<br \/>\nGracias infinitas al Guardi\u00e1n del <em>Franciscanum<\/em>, Fray Jerzy NOREL, y a la <em>fraternidad<\/em> por la acogida que brindaron a los hermanos y por el amor fraterno y la asistencia y el cuidado manifestado con el hermano enfermo, Fray Fulgencio IB\u00c1\u00d1EZ IB\u00c1\u00d1EZ, que tuvo una ca\u00edda y se machac\u00f3 la r\u00f3tula el mismo d\u00eda de la llegada a As\u00eds. Ya ha sido operado en Granollers y el resultado es bueno.<br \/>\nGracias, tambi\u00e9n, al Custodio del Sacro Convento, Fray Marco MORONI por la acogida y el acompa\u00f1amiento a ver algunos de los rincones del Sacro Convento, y a Fray Carlo BOTTERO por la dedicaci\u00f3n y el esfuerzo para mostrar a los hermanos algunos documentos de la primera hora de la vida de la Orden que guarda la Biblioteca del Sacro Convento.<br \/>\nDe As\u00eds se dirigieron a Roma. Estuvieron hospedados en el <em>Seraphicum<\/em>, compartiendo con la fraternidad la mesa y el poco tiempo libre que tuvimos. Visitaron las Bas\u00edlicas que guardan recuerdos de la presencia de Francisco: <em>San Pedro en el Vaticano<\/em>, donde visitaron la <em>Penitenciar\u00eda<\/em>, <em>San Pablo Extramuros<\/em> y <em>San Juan de Letr\u00e1n<\/em>, en cuyo palacio adyacente <em>Honorio III<\/em> confirm\u00f3 la Regla con la bula <em>\u2018Solet annuere\u2019<\/em>.<br \/>\nSe tuvo tiempo para visitar <em>Santi Apostoli <\/em>y gozar de la acogida y cena ofrecida por la fraternidad de la Curia general.<br \/>\nUn gracias al organizador de la peregrinaci\u00f3n y a cuantos hermanos y fraternidades hemos encontrado por el camino y nos han hecho feliz la visita y la estancia en Italia.<\/p>\n<p style=\"text-align: right;\">Fray Valent\u00edn REDONDO FUENTES<\/p>\n<p><iframe loading=\"lazy\" title=\"Spagna - pellegrinaggio\" width=\"696\" height=\"392\" src=\"https:\/\/www.youtube.com\/embed\/p_1pw8fCaao?wmode=transparent&amp;rel=0&amp;feature=oembed\" frameborder=\"0\" allow=\"accelerometer; autoplay; clipboard-write; encrypted-media; gyroscope; picture-in-picture; web-share\" referrerpolicy=\"strict-origin-when-cross-origin\" allowfullscreen><\/iframe><\/p>\n","protected":false},"excerpt":{"rendered":"<p>Con motivo de los ochocientos a\u00f1os de la Confirmaci\u00f3n de la Regla, de la Navidad de Greccio, de la Impresi\u00f3n de las Llagas y del tr\u00e1nsito del Ser\u00e1fico Padre San Francisco, la Provincia de Nuestra Se\u00f1ora de Montserrat en Espa\u00f1a ha programado una peregrinaci\u00f3n a los lugares franciscanos, del 11 al 17 de abril de [&hellip;]<\/p>\n","protected":false},"author":1,"featured_media":54804,"comment_status":"closed","ping_status":"open","sticky":false,"template":"","format":"standard","meta":{"ngg_post_thumbnail":0,"footnotes":""},"categories":[133,116,150],"tags":[901],"class_list":["post-54808","post","type-post","status-publish","format-standard","has-post-thumbnail","category-federaciones","category-fimp-es","tag-espana"],"_links":{"self":[{"href":"https:\/\/www.ofmconv.net\/es\/wp-json\/wp\/v2\/posts\/54808","targetHints":{"allow":["GET"]}}],"collection":[{"href":"https:\/\/www.ofmconv.net\/es\/wp-json\/wp\/v2\/posts"}],"about":[{"href":"https:\/\/www.ofmconv.net\/es\/wp-json\/wp\/v2\/types\/post"}],"author":[{"embeddable":true,"href":"https:\/\/www.ofmconv.net\/es\/wp-json\/wp\/v2\/users\/1"}],"replies":[{"embeddable":true,"href":"https:\/\/www.ofmconv.net\/es\/wp-json\/wp\/v2\/comments?post=54808"}],"version-history":[{"count":0,"href":"https:\/\/www.ofmconv.net\/es\/wp-json\/wp\/v2\/posts\/54808\/revisions"}],"wp:featuredmedia":[{"embeddable":true,"href":"https:\/\/www.ofmconv.net\/es\/wp-json\/wp\/v2\/media\/54804"}],"wp:attachment":[{"href":"https:\/\/www.ofmconv.net\/es\/wp-json\/wp\/v2\/media?parent=54808"}],"wp:term":[{"taxonomy":"category","embeddable":true,"href":"https:\/\/www.ofmconv.net\/es\/wp-json\/wp\/v2\/categories?post=54808"},{"taxonomy":"post_tag","embeddable":true,"href":"https:\/\/www.ofmconv.net\/es\/wp-json\/wp\/v2\/tags?post=54808"}],"curies":[{"name":"wp","href":"https:\/\/api.w.org\/{rel}","templated":true}]}}